{"id":330,"date":"2015-06-22T18:38:00","date_gmt":"2015-06-22T18:38:00","guid":{"rendered":"http:\/\/fmriachuelo.observatorioess.org.ar\/index.php\/2015\/06\/22\/venezuela-dia-de-la-unidad-latinoamericana-y-caribena\/"},"modified":"2025-04-07T15:04:05","modified_gmt":"2025-04-07T18:04:05","slug":"venezuela-dia-de-la-unidad-latinoamericana-y-caribena","status":"publish","type":"post","link":"http:\/\/fmriachuelo.it10.com.ar\/index.php\/2015\/06\/22\/venezuela-dia-de-la-unidad-latinoamericana-y-caribena\/","title":{"rendered":"VENEZUELA: D\u00cdA DE LA UNIDAD LATINOAMERICANA Y CARIBE\u00d1A"},"content":{"rendered":"<p><span style=\"font-size: large\"><span style=\"font-family: Verdana,sans-serif\"><span style=\"color: red\"><b>CELEBRAR LA UNIDAD<\/b><\/span><\/span><\/span><\/p>\n<div style=\"clear: both;text-align: center\"><span style=\"font-size: small\"><span style=\"font-family: Verdana,sans-serif\"><a href=\"http:\/\/2.bp.blogspot.com\/-YeXgYL7-JfI\/VYhVozbhq8I\/AAAAAAAAE5A\/xpzZGi9324I\/s1600\/unidad-latinoamericana-caribena.jpg\" style=\"clear: left;float: left;margin-bottom: 1em;margin-right: 1em\"><img loading=\"lazy\" decoding=\"async\" border=\"0\" height=\"100\" src=\"http:\/\/2.bp.blogspot.com\/-YeXgYL7-JfI\/VYhVozbhq8I\/AAAAAAAAE5A\/xpzZGi9324I\/s200\/unidad-latinoamericana-caribena.jpg\" width=\"200\" \/><\/a><\/span><\/span><\/div>\n<p><span style=\"font-size: small\"><span style=\"font-family: Verdana,sans-serif\">Instituciones y ciudadanos de Venezuela conmemoran en Caracas el D\u00eda de la unidad latinoamericana y caribe\u00f1a. A la actividad, organizada por el Parlamento Latinoamericano, Parlatino, en la plaza Sim\u00f3n Bol\u00edvar, tambi\u00e9n acudir\u00e1n integrantes del cuerpo diplom\u00e1tico regional acreditado en Caracas.<\/span><\/span><br \/><a name='more'><\/a><span style=\"font-size: small\">El D\u00eda de la unidad latinoamericana y caribe\u00f1a se celebra desde el a\u00f1o 2001, promovido por el Parlatino como homenaje a la Instalaci\u00f3n del Congreso. La asamblea diplom\u00e1tica realizada en Panam\u00e1 de junio a julio de 1826 fue convocada por el libertador Sim\u00f3n Bol\u00edvar con el prop\u00f3sito de buscar la uni\u00f3n de los estados de Am\u00e9rica en un proyecto de unificaci\u00f3n continental. (PL)<\/span><br \/><span style=\"font-size: small\"><span style=\"font-family: Verdana,sans-serif\"><span style=\"color: #0b5394\"><span style=\"font-size: x-small\"><b>CORREO DEL ORINOCO\/PRODUCCI\u00d3N RIACHUELO<\/b><\/span><\/span><\/span><\/span><br \/><span style=\"font-size: small\"><span style=\"font-family: Verdana,sans-serif\"><\/p>\n<p><\/span><\/span><\/p>\n","protected":false},"excerpt":{"rendered":"<p>CELEBRAR LA UNIDAD Instituciones y ciudadanos de Venezuela conmemoran en Caracas el D\u00eda de la unidad latinoamericana y caribe\u00f1a. A la actividad, organizada por el Parlamento Latinoamericano, Parlatino, en la plaza Sim\u00f3n Bol\u00edvar, tambi\u00e9n acudir\u00e1n integrantes del cuerpo diplom\u00e1tico regional acreditado en Caracas.El D\u00eda de la unidad latinoamericana y caribe\u00f1a se celebra desde el a\u00f1o [&hellip;]<\/p>\n","protected":false},"author":4,"featured_media":0,"comment_status":"open","ping_status":"open","sticky":false,"template":"","format":"standard","meta":{"_monsterinsights_skip_tracking":false,"_monsterinsights_sitenote_active":false,"_monsterinsights_sitenote_note":"","_monsterinsights_sitenote_category":0,"jnews-multi-image_gallery":[],"jnews_single_post":{"format":"standard"},"jnews_primary_category":[],"_joinchat":[],"footnotes":""},"categories":[58],"tags":[70],"class_list":["post-330","post","type-post","status-publish","format-standard","hentry","category-noticiariachuelo","tag-de-la-patria-grande"],"_links":{"self":[{"href":"http:\/\/fmriachuelo.it10.com.ar\/index.php\/wp-json\/wp\/v2\/posts\/330","targetHints":{"allow":["GET"]}}],"collection":[{"href":"http:\/\/fmriachuelo.it10.com.ar\/index.php\/wp-json\/wp\/v2\/posts"}],"about":[{"href":"http:\/\/fmriachuelo.it10.com.ar\/index.php\/wp-json\/wp\/v2\/types\/post"}],"author":[{"embeddable":true,"href":"http:\/\/fmriachuelo.it10.com.ar\/index.php\/wp-json\/wp\/v2\/users\/4"}],"replies":[{"embeddable":true,"href":"http:\/\/fmriachuelo.it10.com.ar\/index.php\/wp-json\/wp\/v2\/comments?post=330"}],"version-history":[{"count":1,"href":"http:\/\/fmriachuelo.it10.com.ar\/index.php\/wp-json\/wp\/v2\/posts\/330\/revisions"}],"predecessor-version":[{"id":23646,"href":"http:\/\/fmriachuelo.it10.com.ar\/index.php\/wp-json\/wp\/v2\/posts\/330\/revisions\/23646"}],"wp:attachment":[{"href":"http:\/\/fmriachuelo.it10.com.ar\/index.php\/wp-json\/wp\/v2\/media?parent=330"}],"wp:term":[{"taxonomy":"category","embeddable":true,"href":"http:\/\/fmriachuelo.it10.com.ar\/index.php\/wp-json\/wp\/v2\/categories?post=330"},{"taxonomy":"post_tag","embeddable":true,"href":"http:\/\/fmriachuelo.it10.com.ar\/index.php\/wp-json\/wp\/v2\/tags?post=330"}],"curies":[{"name":"wp","href":"https:\/\/api.w.org\/{rel}","templated":true}]}}