{"id":3293,"date":"2016-11-30T03:04:33","date_gmt":"2016-11-30T03:04:33","guid":{"rendered":"http:\/\/fmriachuelo.com.ar\/ljkjklj\/?p=3293"},"modified":"2016-11-30T03:04:33","modified_gmt":"2016-11-30T03:04:33","slug":"emergenciasocial-acuerdo-alcanzado-con-el-gobierno-nacional","status":"publish","type":"post","link":"http:\/\/fmriachuelo.it10.com.ar\/index.php\/2016\/11\/30\/emergenciasocial-acuerdo-alcanzado-con-el-gobierno-nacional\/","title":{"rendered":"#EMERGENCIASOCIAL SOBRE EL ACUERDO: ENTREVISTA A REFERENTE DE LA CORRIENTE GREMIAL MESA 19 Y 20 DE LA CTEP"},"content":{"rendered":"<p style=\"text-align: justify\">[FMR 29\/22\/26] Hoy entrevistamos a <strong>Lito Borello<\/strong>, \u00a0referente de la corriente gremial <strong>\u00a0Mesa 19 y 20<\/strong>, de la CTEP, \u00a0 que valor\u00f3, \u00a0como un triunfo de los movimientos sociales, \u00a0la firma del acuerdo que reconoce la #EmergenciaSocial para los trabajadores de la econom\u00eda popular. Borello reivindic\u00f3 esta\u00a0importante conquista alcanzada, \u00a0al tiempo que calific\u00f3\u00a0las cr\u00edticas a\u00a0sectores malintencionados, que no han tenido potestad sobre esta conquista. Un acuerdo hist\u00f3rico que sent\u00f3 en la misma mesa, en el Congreso Nacional, a\u00a0los movimientos populares junto a los ministros de las carteras: Desarrollo Social \u00a0y Trabajo, representantes del Poder Ejecutivo Nacional.\u00a0Record\u00f3 que las cuatro importantes movilizaciones (29 de abril, San Cayetano, Marcha Federal y Emergencia Social) encontraron al conjunto de los trabajadores, sin distinci\u00f3n y en unidad, en la calle,\u00a0 para manifestarse contra las actuales pol\u00edticas de gobierno. El sector que representa a los sectores m\u00e1s vulnerables de la sociedad, alcanz\u00f3 un m\u00ednimo reconocimiento que permitir\u00e1 dignificar un poco la mesa de las proximas fiestas.<\/p>\n<p style=\"text-align: justify\">Sobre alguna de las clausulas del acuerdo\u00a0sentenci\u00f3: Las organizaciones que nacieron de los movimientos de protesta no podr\u00e1n ser silenciadas, porque <strong>\u00abDonde hay una necesidad hay un derecho\u00bb<\/strong>. Escuch\u00e1 la entrevista a <strong>Lito Borello<\/strong>, a continuaci\u00f3n:<\/p>\n<p>El pasado 24 de noviembre los referentes del conjunto de organizaciones y movimientos sociales en representaci\u00f3n de los trabajadores de la econom\u00eda popular, firmaron un Acuerdo con el Ejecutivo Nacional, que reconoce la #Emergenciasocial e importantes reivindicaciones que demandan los sectores populares frente al creciente ajuste en marcha. Mientras en el Congreso Nacional se daba media sanci\u00f3n, en la C\u00e1mara de Senadores, \u00a0a la ley de reconocimiento de la Emergencia Social, y frente a la imponente\u00a0movilizaci\u00f3n del conjunto de los trabajadores, realizada frente al Congreso Nacional, el Gobierno Nacional se vio obligado a firmar este Acuerdo, que ha despertado pol\u00e9micas entre los sectores que no participaron del mismo.<\/p>\n<p><img loading=\"lazy\" decoding=\"async\" class=\"aligncenter wp-image-3297 size-full\" src=\"http:\/\/fmriachuelo.com.ar\/ljkjklj\/wp-content\/uploads\/2016\/11\/WhatsApp-Image-2016-11-27-at-11.14.45.jpeg\" alt=\"whatsapp-image-2016-11-27-at-11-14-45\" width=\"500\" height=\"640\" \/><\/p>\n","protected":false},"excerpt":{"rendered":"<p>[FMR 29\/22\/26] Hoy entrevistamos a Lito Borello, \u00a0referente de la corriente gremial \u00a0Mesa 19 y 20, de la CTEP, \u00a0 que valor\u00f3, \u00a0como un triunfo de los movimientos sociales, \u00a0la firma del acuerdo que reconoce la #EmergenciaSocial para los trabajadores de la econom\u00eda popular. Borello reivindic\u00f3 esta\u00a0importante conquista alcanzada, \u00a0al tiempo que calific\u00f3\u00a0las cr\u00edticas a\u00a0sectores [&hellip;]<\/p>\n","protected":false},"author":4,"featured_media":3295,"comment_status":"open","ping_status":"open","sticky":false,"template":"","format":"standard","meta":{"_monsterinsights_skip_tracking":false,"_monsterinsights_sitenote_active":false,"_monsterinsights_sitenote_note":"","_monsterinsights_sitenote_category":0,"jnews-multi-image_gallery":[],"jnews_single_post":[],"jnews_primary_category":[],"_joinchat":[],"footnotes":""},"categories":[75],"tags":[],"class_list":["post-3293","post","type-post","status-publish","format-standard","has-post-thumbnail","hentry","category-trabajo"],"_links":{"self":[{"href":"http:\/\/fmriachuelo.it10.com.ar\/index.php\/wp-json\/wp\/v2\/posts\/3293","targetHints":{"allow":["GET"]}}],"collection":[{"href":"http:\/\/fmriachuelo.it10.com.ar\/index.php\/wp-json\/wp\/v2\/posts"}],"about":[{"href":"http:\/\/fmriachuelo.it10.com.ar\/index.php\/wp-json\/wp\/v2\/types\/post"}],"author":[{"embeddable":true,"href":"http:\/\/fmriachuelo.it10.com.ar\/index.php\/wp-json\/wp\/v2\/users\/4"}],"replies":[{"embeddable":true,"href":"http:\/\/fmriachuelo.it10.com.ar\/index.php\/wp-json\/wp\/v2\/comments?post=3293"}],"version-history":[{"count":0,"href":"http:\/\/fmriachuelo.it10.com.ar\/index.php\/wp-json\/wp\/v2\/posts\/3293\/revisions"}],"wp:featuredmedia":[{"embeddable":true,"href":"http:\/\/fmriachuelo.it10.com.ar\/index.php\/wp-json\/"}],"wp:attachment":[{"href":"http:\/\/fmriachuelo.it10.com.ar\/index.php\/wp-json\/wp\/v2\/media?parent=3293"}],"wp:term":[{"taxonomy":"category","embeddable":true,"href":"http:\/\/fmriachuelo.it10.com.ar\/index.php\/wp-json\/wp\/v2\/categories?post=3293"},{"taxonomy":"post_tag","embeddable":true,"href":"http:\/\/fmriachuelo.it10.com.ar\/index.php\/wp-json\/wp\/v2\/tags?post=3293"}],"curies":[{"name":"wp","href":"https:\/\/api.w.org\/{rel}","templated":true}]}}