{"id":328,"date":"2015-06-23T02:33:00","date_gmt":"2015-06-23T02:33:00","guid":{"rendered":"http:\/\/fmriachuelo.observatorioess.org.ar\/index.php\/2015\/06\/23\/nuevas-amenazas-a-familiares-y-amigos-de-luciano-arruga\/"},"modified":"2025-04-07T15:06:35","modified_gmt":"2025-04-07T18:06:35","slug":"nuevas-amenazas-a-familiares-y-amigos-de-luciano-arruga","status":"publish","type":"post","link":"http:\/\/fmriachuelo.it10.com.ar\/index.php\/2015\/06\/23\/nuevas-amenazas-a-familiares-y-amigos-de-luciano-arruga\/","title":{"rendered":"NUEVAS AMENAZAS A FAMILIARES Y AMIGOS DE LUCIANO ARRUGA"},"content":{"rendered":"<p><span style=\"color: red;font-family: Verdana, sans-serif;font-size: large\"><b>\u00a1URGENT<span style=\"font-size: large\">E<span style=\"font-size: large\">!<\/span><\/span> <\/b><\/span><br \/><span style=\"font-family: Verdana, sans-serif;font-size: large\"><b><span style=\"font-size: small\">DESCONOCIDOS QUEMARON EL AUTO VANESA ORIETA<\/span><\/b><\/span><\/p>\n<div style=\"clear: both;text-align: center\"><a href=\"http:\/\/3.bp.blogspot.com\/-tSTCKm4uP6k\/VYjDKWejfHI\/AAAAAAAAE5w\/BQrcRNp4qWQ\/s1600\/l%2Barruga.png\" style=\"clear: left;float: left;margin-bottom: 1em;margin-right: 1em\"><img loading=\"lazy\" decoding=\"async\" border=\"0\" height=\"150\" src=\"http:\/\/3.bp.blogspot.com\/-tSTCKm4uP6k\/VYjDKWejfHI\/AAAAAAAAE5w\/BQrcRNp4qWQ\/s200\/l%2Barruga.png\" width=\"200\" \/><\/a><\/div>\n<div style=\"text-align: justify\"><span style=\"font-family: Verdana, sans-serif\">El hecho ocurri\u00f3 en la madrugada del 7 de junio pasado en la puerta de la casa de la hermana de Luciano Arruga. El siniestro se produjo pocas semanas despu\u00e9s de la condena a 10 a\u00f1os de prisi\u00f3n para el polic\u00eda bonaerense Diego Torales por las torturas cometidas contra el joven durante una detenci\u00f3n en setiembre de 2008, meses antes de su secuestro, desaparici\u00f3n y muerte.<\/span><br \/><a name='more'><\/a><span style=\"font-family: Verdana, sans-serif\">Orieta y su compa\u00f1ero realizaron la denuncia y exigen que se esclarezca el hecho. En el comunicado donde denuncian el hecho, repasaron todos los actos intimidatorios que sufrieron desde que Luciano desapareci\u00f3.<\/span><\/div>\n<p><span style=\"font-family: Verdana\"><i><b>Reproducimos Comunicado:<\/b><\/i><br \/><\/span><\/p>\n<div style=\"text-align: justify\"><span style=\"font-family: Verdana\">Nuevas amenazas a Familiares y amigos de Luciano Arruga<\/span><br \/><span style=\"font-family: Verdana\">[22 de junio de 2015 a las 18:46]<\/span><br \/><span style=\"font-family: Verdana\">Somos una familia que lucha por la justicia para Luciano Arruga y todos los j\u00f3venes que la polic\u00eda secuestra, tortura, mata y desaparece, y esos a\u00f1os nos han permitido dimensionar los alcances de esta mafia estatal organizada y protegida por los poderes m\u00e1s grandes. Nosotros sabemos a qu\u00e9 nos enfrentamos, y cada d\u00eda lo sabemos m\u00e1s. Empezamos a buscar a Luciano con la certeza de que fueron ellos y con la seguridad de que iba a ser muy dif\u00edcil: ellos lo asesinaron y desaparecieron, pero un sistema organizado los protege desde todos los frentes. El peligro que corremos se convirti\u00f3 en cotidiano, y tambi\u00e9n las amenazas a nuestra integridad.Estamos una vez m\u00e1s en la penosa situaci\u00f3n de tener que volver a denunciar que todas nuestras vidas corren peligro. El hostigamiento no se detiene. El 7 de junio amaneci\u00f3 incendiado el auto de Vanesa Orieta, la hermana de Luciano.<\/span><\/div>\n<p><span style=\"font-family: Verdana\"><\/p>\n<div style=\"text-align: justify\"><\/div>\n<p><b>Desde el comienzo:<\/b><br \/>En febrero de 2009, cuando Vanesa y su amiga fueron al destacamento de Lomas del Mirador a exigir informaci\u00f3n sobre el paradero de Luciano, el polic\u00eda que las atendi\u00f3 apoy\u00f3 un arma arriba de la mesa. Se hicieron costumbre los amedrentamientos a toda la militancia que sosten\u00eda la causa: autos de civil, patrulleros, personas desconocidas que caminaban cuadras detr\u00e1s de nosotros y llamadas telef\u00f3nicas con amenazas de muerte expl\u00edcitas.<br \/>\u201c\u00bfTu hija est\u00e1 bien?\u201d, le pregunt\u00f3 un hombre desde un auto de \u00faltimo modelo a M\u00f3nica Alegre cuando cruzaba la calle para ir a hacer compras a pocos meses sin Luciano.<br \/>Vanesa Orieta fue recibida por la fiscal Roxana Castelli \u2013primera a cargo de la causa- en presencia de uno de los ocho polic\u00edas implicados en la desaparici\u00f3n de Luciano.<br \/>Un testigo que declar\u00f3 haber estado detenido con Luciano en la Comisar\u00eda 8\u00ba fue amenazado por personal del Servicio Penitenciario cuando iba al ba\u00f1o en la fiscal\u00eda en la que prest\u00f3 testimonio: \u201cno habl\u00e9s porque te vamos a matar\u201d.<br \/>A mediados de 2009, una integrante de Familiares y Amigos de Luciano Arruga fue detenida ilegalmente durante horas en la Comisar\u00eda 13\u00ba de La Tablada, donde fue v\u00edctima de torturas y abusos.<br \/>En abril de 2011, M\u00f3nica Alegre \u2013mam\u00e1 de Luciano- y sus dos hijos se despertaron a las seis de la ma\u00f1ana con la casa llena de humo. Tardaron en comprender lo sucedido: alguien les hab\u00eda metido una madera en brasa adentro de una pila de frazadas junto a la ventana. Les quer\u00edan prender fuego la casa. Esa misma semana, un compa\u00f1ero recibi\u00f3 en su casa a un patrullero del que baj\u00f3 uno de los ocho implicados en el secuestro de Luciano: \u201cdesaparec\u00e9 porque te vamos a matar\u201d. Fue interceptado, a los pocos d\u00edas, por un m\u00f3vil de la comisar\u00eda de Lomas del Mill\u00f3n cuando repart\u00eda cuadernos en el barrio 12 de Octubre. Un efectivo le pregunt\u00f3 nombre, documento, domicilio e intentaron subirlo a la fuerza. Nuestro compa\u00f1ero se neg\u00f3 y por eso el polic\u00eda lo empuj\u00f3 violentamente contra el veh\u00edculo y carg\u00f3 su arma a la vista de todo el barrio. La impunidad sigui\u00f3: como \u00e9l no fue llevado gracias a la intervenci\u00f3n de varios vecinos, despu\u00e9s fueron amedrentados aquellos que lo defendieron. En esos meses pudimos saber a ciencia cierta que en comisar\u00edas del Conurbano bonaerense se guardan fotos de familiares y allegados a la familia de Luciano, e incluso se les pide informaci\u00f3n sobre nosotros a j\u00f3venes del barrio privados de su libertad.<br \/>En agosto de 2012, el hermano menor de Luciano, con 16 a\u00f1os, fue interceptado y amenazado en la calle por un polic\u00eda de civil y un uniformado \u2013ambos sin identificaci\u00f3n- que circulaban en un auto sin patente y lo ven\u00edan siguiendo.<br \/>En enero de 2013 alrededor de las 12 de la noche, a d\u00edas de cumplirse cuatro a\u00f1os sin Luciano, despu\u00e9s de una reuni\u00f3n en la casa de un integrante del grupo, un compa\u00f1ero fue secuestrado por una camioneta en la parada del colectivo y paseado por una decena de barrios del Conurbano. No le robaron y lo largaron despu\u00e9s de horas en la casa de la reuni\u00f3n, a cuadras del punto de partida. Durante el viaje lo amenazaron de muerte todo el tiempo, lo tabicaron en su propia casa para registrarla y llamaron a otros integrantes del grupo sin dejar en claro nunca qu\u00e9 quer\u00edan.<br \/>En septiembre de 2014 dos testigos de la causa por la desaparici\u00f3n forzada fueron detenidos ilegalmente por personal del destacamento de Lomas del Mirador, el mismo que mat\u00f3 a Luciano. Los polic\u00edas intentaron requisarlos contra la pared sin identificarse ni justificarse, uno de los j\u00f3venes se defendi\u00f3 y entr\u00f3 a su casa, pero lo siguieron y le dieron una golpiza que le abri\u00f3 la cabeza. Terminaron en la Comisar\u00eda 8\u00ba, responsable del destacamento, hasta que la familia de Luciano con sus abogados los fue a buscar.<br \/>A menos de una semana del hallazgo del cuerpo de Luciano, una patota intent\u00f3 prender fuego el local de la Asamblea Permanente por los Derechos Humanos de La Matanza.<br \/>Ahora, a d\u00edas de la primera condena por Torturas en democracia a un polic\u00eda bonaerense en la Provincia, en el contexto de la campa\u00f1a-fiesta electoral del m\u00e1ximo responsable de la desaparici\u00f3n de Luciano y luchando por la implementaci\u00f3n de la ley que ganamos en la calle por la expropiaci\u00f3n definitiva del ex destacamento de Lomas del Mirador para crear un Espacio para la Memoria independiente, en el marco de estos sucesos es que nos despertamos la ma\u00f1ana del 7 de junio con la noticia de que hab\u00edan incendiado el auto (un Regatta) de nuestra compa\u00f1era Vanesa.<br \/>A todos los funcionarios del Poder Ejecutivo que nos recibieron en estos seis a\u00f1os y medio les expresamos lo mismo: necesitamos protecci\u00f3n. Nos negamos a cambiar nuestra identidad y mudarnos a pueblos rec\u00f3nditos para que el Estado se haga cargo de que nuestra vida corre peligro. Nos negamos a aceptar la custodia de las fuerzas de seguridad: ellas son las que nos persiguen. Nosotros queremos seguir luchando. Integrantes del ministerio de Justicia y Derechos Humanos de la Naci\u00f3n fueron claros: \u201cla seguridad se negocia\u201d. No vamos a negociar la seguridad, porque no negociamos a Luciano, ni a su memoria, ni a su historia, ni a la lucha, ni a ning\u00fan pibe. Exigimos<br \/>\nla seguridad para toda la familia y los amigos de Luciano Arruga. La situaci\u00f3n es insostenible, corremos peligro real: responsabilizamos al gobierno nacional y de la provincia de Buenos Aires por los ataques a nuestra integridad y nuestra lucha.<br \/>A Luciano lo mat\u00f3 la Polic\u00eda Bonaerense,<br class=\"autobr\" \/> lo desapareci\u00f3 el Estado.<br class=\"autobr\" \/> <b><span style=\"color: red\"><span style=\"font-size: large\">\u00a1Fuera la polic\u00eda de nuestros barrios!<\/span><\/span><br \/>Familiares y amigos de Luciano Arruga<\/b><br \/><span style=\"font-size: x-small\"><b>Contacto: 15 5646 6952 (Mat\u00edas)<br class=\"autobr\" \/>               15 6637 9076 (Rosaura)<\/b><\/span><br \/><span style=\"font-size: x-small\"><span style=\"color: #0b5394\"><b>ANRED\/PRODUCCI\u00d3N RIACHUELO<\/b><\/span><\/span><\/span><\/p>\n","protected":false},"excerpt":{"rendered":"<p>\u00a1URGENTE! DESCONOCIDOS QUEMARON EL AUTO VANESA ORIETA El hecho ocurri\u00f3 en la madrugada del 7 de junio pasado en la puerta de la casa de la hermana de Luciano Arruga. El siniestro se produjo pocas semanas despu\u00e9s de la condena a 10 a\u00f1os de prisi\u00f3n para el polic\u00eda bonaerense Diego Torales por las torturas cometidas [&hellip;]<\/p>\n","protected":false},"author":4,"featured_media":0,"comment_status":"open","ping_status":"open","sticky":false,"template":"","format":"standard","meta":{"_monsterinsights_skip_tracking":false,"_monsterinsights_sitenote_active":false,"_monsterinsights_sitenote_note":"","_monsterinsights_sitenote_category":0,"jnews-multi-image_gallery":[],"jnews_single_post":{"format":"standard"},"jnews_primary_category":[],"_joinchat":[],"footnotes":""},"categories":[58],"tags":[119,89],"class_list":["post-328","post","type-post","status-publish","format-standard","hentry","category-noticiariachuelo","tag-derechos-humanos","tag-violencia-institucional"],"_links":{"self":[{"href":"http:\/\/fmriachuelo.it10.com.ar\/index.php\/wp-json\/wp\/v2\/posts\/328","targetHints":{"allow":["GET"]}}],"collection":[{"href":"http:\/\/fmriachuelo.it10.com.ar\/index.php\/wp-json\/wp\/v2\/posts"}],"about":[{"href":"http:\/\/fmriachuelo.it10.com.ar\/index.php\/wp-json\/wp\/v2\/types\/post"}],"author":[{"embeddable":true,"href":"http:\/\/fmriachuelo.it10.com.ar\/index.php\/wp-json\/wp\/v2\/users\/4"}],"replies":[{"embeddable":true,"href":"http:\/\/fmriachuelo.it10.com.ar\/index.php\/wp-json\/wp\/v2\/comments?post=328"}],"version-history":[{"count":1,"href":"http:\/\/fmriachuelo.it10.com.ar\/index.php\/wp-json\/wp\/v2\/posts\/328\/revisions"}],"predecessor-version":[{"id":23649,"href":"http:\/\/fmriachuelo.it10.com.ar\/index.php\/wp-json\/wp\/v2\/posts\/328\/revisions\/23649"}],"wp:attachment":[{"href":"http:\/\/fmriachuelo.it10.com.ar\/index.php\/wp-json\/wp\/v2\/media?parent=328"}],"wp:term":[{"taxonomy":"category","embeddable":true,"href":"http:\/\/fmriachuelo.it10.com.ar\/index.php\/wp-json\/wp\/v2\/categories?post=328"},{"taxonomy":"post_tag","embeddable":true,"href":"http:\/\/fmriachuelo.it10.com.ar\/index.php\/wp-json\/wp\/v2\/tags?post=328"}],"curies":[{"name":"wp","href":"https:\/\/api.w.org\/{rel}","templated":true}]}}