{"id":3278,"date":"2016-11-25T23:47:55","date_gmt":"2016-11-25T23:47:55","guid":{"rendered":"http:\/\/fmriachuelo.com.ar\/ljkjklj\/?p=3278"},"modified":"2016-11-25T23:47:55","modified_gmt":"2016-11-25T23:47:55","slug":"feria-de-parque-patricios-amenazada-de-desalojo","status":"publish","type":"post","link":"http:\/\/fmriachuelo.it10.com.ar\/index.php\/2016\/11\/25\/feria-de-parque-patricios-amenazada-de-desalojo\/","title":{"rendered":"FERIA DE PARQUE PATRICIOS: AMENAZADA DE DESALOJO"},"content":{"rendered":"<p style=\"text-align: justify\">[FMR 25\/11\/2016] El pasado domingo 20 de noviembre, la polic\u00eda metropolitana sin ninguna orden o documento judicial, y con amenazas de por medio, intent\u00f3 desalojar a m\u00e1s de 300 trabajadores y trabajadoras de una feria de Parque Patricios, ubicada en Almafuerte y Los Patos. La misma funciona hace m\u00e1s de 7 a\u00f1os\u00a0 y entre ellos hay m\u00e1s de 20 discapacitados, que intentan todos los s\u00e1bados, domingos y feriados, gracias al trabajo en la feria, llevar el pan a sus hogares.<\/p>\n<p style=\"text-align: justify\"><img loading=\"lazy\" decoding=\"async\" class=\"alignleft wp-image-3280\" src=\"http:\/\/fmriachuelo.com.ar\/ljkjklj\/wp-content\/uploads\/2016\/11\/feria-pq-patricios.jpg\" alt=\"feria-pq-patricios\" width=\"300\" height=\"199\" \/>En el programa Romp\u00e9 el Cerco Informativo, Alicia D\u00edaz, delegada de la feria, cont\u00f3 que la metropolitana se present\u00f3 de manera agresiva y amenaz\u00f3 a los trabajadores con confiscarles la mercader\u00eda.\u00a0 Los feriantes, decidieron hacer la correspondiente denuncia a Espacios P\u00fablicos de la Ciudad de Buenos Aires, donde les comunicaron que all\u00ed no se hab\u00eda elaborado ninguna orden de desalojo, con lo cual se evidencia que la polic\u00eda actu\u00f3 fuera de los m\u00e1rgenes de la ley.<\/p>\n<p style=\"text-align: justify\">Cabe destacar que los trabajadores recibieron un fuerte respaldo por parte de los vecinos: \u201cHicimos una planilla de firmas de gente que nos compra. Los vecinos nos apoyan\u201d. La delegada tambi\u00e9n expres\u00f3 su preocupaci\u00f3n con respecto a lo que pueda suceder este fin de semana cuando vuelvan a sus puestos de trabajo, y el temor que les genera que la polic\u00eda regrese al lugar para amenazarlos. Sin embargo adelant\u00f3 que est\u00e1n organizados y van a resistir pac\u00edficamente cualquier intento de desalojo, amparados por la Constituci\u00f3n Nacional que les garantiza ese derecho. \u201cMa\u00f1ana van a ver la banderas de la CTEP, queremos que nos reconozcan como trabajadores de la econom\u00eda popular que somos\u201d finaliz\u00f3 la delegada.<\/p>\n<p style=\"text-align: justify\">En los d\u00edas posteriores al intento de desalojo, la Confederaci\u00f3n de Trabajadores de la Econom\u00eda Popular (CTEP) emiti\u00f3 un comunicado declar\u00e1ndose en alerta y solidaridad con los trabajadores sumando al de los vecinos este contundente apoyo de las organizaciones de la Econom\u00eda Popular.<\/p>\n<p style=\"text-align: justify\">Este tipo de hechos demuestra que la voluntad del gobierno de la ciudad es fomentar el negocio para pocos por sobre el derecho al trabajo digno para todos. Con la mudanza de la jefatura de gobierno y la instalaci\u00f3n del distrito tecnol\u00f3gico se busca destinar el barrio de Parque Patricios al lucro empresarial excluyendo a los vecinos y vecinas hist\u00f3ricos del barrio. De esta manera, el gobierno de la Ciudad de Buenos Aires decide avanzar a contrapelo del reciente reconocimiento que los trabajadores de la Econom\u00eda Popular conquistar a nivel nacional con los acuerdos alcanzados en torno de la Ley de Emergencia Social.<\/p>\n","protected":false},"excerpt":{"rendered":"<p>[FMR 25\/11\/2016] El pasado domingo 20 de noviembre, la polic\u00eda metropolitana sin ninguna orden o documento judicial, y con amenazas de por medio, intent\u00f3 desalojar a m\u00e1s de 300 trabajadores y trabajadoras de una feria de Parque Patricios, ubicada en Almafuerte y Los Patos. La misma funciona hace m\u00e1s de 7 a\u00f1os\u00a0 y entre ellos [&hellip;]<\/p>\n","protected":false},"author":4,"featured_media":3279,"comment_status":"open","ping_status":"open","sticky":false,"template":"","format":"standard","meta":{"_monsterinsights_skip_tracking":false,"_monsterinsights_sitenote_active":false,"_monsterinsights_sitenote_note":"","_monsterinsights_sitenote_category":0,"jnews-multi-image_gallery":[],"jnews_single_post":[],"jnews_primary_category":[],"_joinchat":[],"footnotes":""},"categories":[78,75],"tags":[],"class_list":["post-3278","post","type-post","status-publish","format-standard","has-post-thumbnail","hentry","category-economia-popular","category-trabajo"],"_links":{"self":[{"href":"http:\/\/fmriachuelo.it10.com.ar\/index.php\/wp-json\/wp\/v2\/posts\/3278","targetHints":{"allow":["GET"]}}],"collection":[{"href":"http:\/\/fmriachuelo.it10.com.ar\/index.php\/wp-json\/wp\/v2\/posts"}],"about":[{"href":"http:\/\/fmriachuelo.it10.com.ar\/index.php\/wp-json\/wp\/v2\/types\/post"}],"author":[{"embeddable":true,"href":"http:\/\/fmriachuelo.it10.com.ar\/index.php\/wp-json\/wp\/v2\/users\/4"}],"replies":[{"embeddable":true,"href":"http:\/\/fmriachuelo.it10.com.ar\/index.php\/wp-json\/wp\/v2\/comments?post=3278"}],"version-history":[{"count":0,"href":"http:\/\/fmriachuelo.it10.com.ar\/index.php\/wp-json\/wp\/v2\/posts\/3278\/revisions"}],"wp:featuredmedia":[{"embeddable":true,"href":"http:\/\/fmriachuelo.it10.com.ar\/index.php\/wp-json\/"}],"wp:attachment":[{"href":"http:\/\/fmriachuelo.it10.com.ar\/index.php\/wp-json\/wp\/v2\/media?parent=3278"}],"wp:term":[{"taxonomy":"category","embeddable":true,"href":"http:\/\/fmriachuelo.it10.com.ar\/index.php\/wp-json\/wp\/v2\/categories?post=3278"},{"taxonomy":"post_tag","embeddable":true,"href":"http:\/\/fmriachuelo.it10.com.ar\/index.php\/wp-json\/wp\/v2\/tags?post=3278"}],"curies":[{"name":"wp","href":"https:\/\/api.w.org\/{rel}","templated":true}]}}