{"id":3275,"date":"2016-11-25T12:48:44","date_gmt":"2016-11-25T12:48:44","guid":{"rendered":"http:\/\/fmriachuelo.com.ar\/ljkjklj\/?p=3275"},"modified":"2016-11-25T12:48:44","modified_gmt":"2016-11-25T12:48:44","slug":"emergencia-social-un-acuerdo-conquistado-con-lucha","status":"publish","type":"post","link":"http:\/\/fmriachuelo.it10.com.ar\/index.php\/2016\/11\/25\/emergencia-social-un-acuerdo-conquistado-con-lucha\/","title":{"rendered":"#EMERGENCIA SOCIAL UN ACUERDO CONQUISTADO CON LUCHA"},"content":{"rendered":"<p style=\"text-align: justify\">[FMR 25\/11\/16] Representantes de las diferentes\u00a0organizaciones y movimientos populares, firmaron con el Gobierno Nacional el Acuerdo por la Emergencia Social, en la sala Delia Parodi, del Congreso Nacional. El Acuerdo implica el reconocimiento de la cr\u00edtica situaci\u00f3n que vive los trabajadores de la econom\u00eda popular e implica una asignaci\u00f3n presupuestaria adicional\u00a0que permita paliar, \u00a0a los sectores populares, la crisis que sufren como consecuencia del programa de ajuste implementado por las pol\u00edticas de gobierno.<\/p>\n<p style=\"text-align: justify\">Despu\u00e9s de la firma del acuerdo Fm Riachuelo tuvo las palabras de algunos referentes de la corriente gremial Mesa 19 y 20, Pablo Puebla y Lito Borello y de Esteban \u00abGringo\u00bb Castro que hablaron sobre el despu\u00e9s de la firma. Escuchalos a continuaci\u00f3n:<\/p>\n<p style=\"text-align: justify\">Recordamos que el Acuerdo se alcanz\u00f3 despu\u00e9s de una multitudinaria marcha del amplio conjunto de los trabajadores que en unidad marcharon al Congreso Nacional para demandarle la sanci\u00f3n de la #Emergencia.\u00a0<span style=\"color: #0000ff\"><strong><a style=\"color: #0000ff\" href=\"http:\/\/fmriachuelo.com.ar\/ljkjklj\/blog\/2016\/11\/19\/emergenciasocialya-masiva-movilizacion-el-pueblo-tomo-la-ciudad\/\">LEE LA NOTI COMPLETA<\/a><\/strong><\/span><\/p>\n<p style=\"text-align: justify\">COMUNICADO CTEP:<br \/>\nEn un inmenso esfuerzo, organizaci\u00f3n y lucha, los trabajadores de la econom\u00eda popular y sus organizaciones, junto al movimiento obrero organizado, logramos una important\u00edsima conquista en el marco de un a\u00f1o tan malo para los humildes:<br \/>\n1.- El Gobierno debi\u00f3 reconocer la Emergencia Social y aumentar en 30.000 millones de pesos las partidas para puestos de trabajo.<br \/>\n2.- Se logr\u00f3 llevar a 4000 los programas Ellas Hacen, Argentina Trabaja y Trabajo Autogestionado a partir de diciembre.<br \/>\n3.- Se logr\u00f3 un bono de 2030 pesos para los aproximadamente 300.000 beneficiarios de los programa de empleo del Ministerio de Desarrollo Social a pagarse antes de fin de a\u00f1o.<br \/>\n4.- Se logr\u00f3 un aumento del 40% en las partidas de Comedores Comunitarios y de 60% en los Merenderos Comunitarios.<br \/>\n5.- Se logr\u00f3 la distribuci\u00f3n de un mill\u00f3n de kits navide\u00f1os.<br \/>\n6.- El bono sobre la asignaci\u00f3n universal por hijo sigue en discusi\u00f3n pero ya se logr\u00f3 un aumento sobre la propuesta original.<br \/>\n7.- Lo m\u00e1s importante: se crea el Salario Social Complementario un reclamo hist\u00f3rico de nuestro sector, un nuevo derecho para los trabajadores excluidos.<br \/>\nSomos concientes de que se trata de paliativos frente a una situaci\u00f3n de crisis provocadas por una econom\u00eda que no est\u00e1 al servicio del Pueblo. La lucha no termina hasta que vivamos en un pa\u00eds con Tierra, Techo y Trabajo para todos, sin una s\u00f3la familia pobre, sin desiguladades y con Justicia Social.<\/p>\n","protected":false},"excerpt":{"rendered":"<p>[FMR 25\/11\/16] Representantes de las diferentes\u00a0organizaciones y movimientos populares, firmaron con el Gobierno Nacional el Acuerdo por la Emergencia Social, en la sala Delia Parodi, del Congreso Nacional. El Acuerdo implica el reconocimiento de la cr\u00edtica situaci\u00f3n que vive los trabajadores de la econom\u00eda popular e implica una asignaci\u00f3n presupuestaria adicional\u00a0que permita paliar, \u00a0a los [&hellip;]<\/p>\n","protected":false},"author":4,"featured_media":3276,"comment_status":"open","ping_status":"open","sticky":false,"template":"","format":"standard","meta":{"_monsterinsights_skip_tracking":false,"_monsterinsights_sitenote_active":false,"_monsterinsights_sitenote_note":"","_monsterinsights_sitenote_category":0,"jnews-multi-image_gallery":[],"jnews_single_post":[],"jnews_primary_category":[],"_joinchat":[],"footnotes":""},"categories":[78,75],"tags":[],"class_list":["post-3275","post","type-post","status-publish","format-standard","has-post-thumbnail","hentry","category-economia-popular","category-trabajo"],"_links":{"self":[{"href":"http:\/\/fmriachuelo.it10.com.ar\/index.php\/wp-json\/wp\/v2\/posts\/3275","targetHints":{"allow":["GET"]}}],"collection":[{"href":"http:\/\/fmriachuelo.it10.com.ar\/index.php\/wp-json\/wp\/v2\/posts"}],"about":[{"href":"http:\/\/fmriachuelo.it10.com.ar\/index.php\/wp-json\/wp\/v2\/types\/post"}],"author":[{"embeddable":true,"href":"http:\/\/fmriachuelo.it10.com.ar\/index.php\/wp-json\/wp\/v2\/users\/4"}],"replies":[{"embeddable":true,"href":"http:\/\/fmriachuelo.it10.com.ar\/index.php\/wp-json\/wp\/v2\/comments?post=3275"}],"version-history":[{"count":0,"href":"http:\/\/fmriachuelo.it10.com.ar\/index.php\/wp-json\/wp\/v2\/posts\/3275\/revisions"}],"wp:featuredmedia":[{"embeddable":true,"href":"http:\/\/fmriachuelo.it10.com.ar\/index.php\/wp-json\/"}],"wp:attachment":[{"href":"http:\/\/fmriachuelo.it10.com.ar\/index.php\/wp-json\/wp\/v2\/media?parent=3275"}],"wp:term":[{"taxonomy":"category","embeddable":true,"href":"http:\/\/fmriachuelo.it10.com.ar\/index.php\/wp-json\/wp\/v2\/categories?post=3275"},{"taxonomy":"post_tag","embeddable":true,"href":"http:\/\/fmriachuelo.it10.com.ar\/index.php\/wp-json\/wp\/v2\/tags?post=3275"}],"curies":[{"name":"wp","href":"https:\/\/api.w.org\/{rel}","templated":true}]}}