{"id":327,"date":"2015-06-23T13:10:00","date_gmt":"2015-06-23T13:10:00","guid":{"rendered":"http:\/\/fmriachuelo.observatorioess.org.ar\/index.php\/2015\/06\/23\/salta-el-municipio-quiere-dejar-sin-trabajo-a-miles-de-carreros\/"},"modified":"2025-04-07T15:07:51","modified_gmt":"2025-04-07T18:07:51","slug":"salta-el-municipio-quiere-dejar-sin-trabajo-a-miles-de-carreros","status":"publish","type":"post","link":"http:\/\/fmriachuelo.it10.com.ar\/index.php\/2015\/06\/23\/salta-el-municipio-quiere-dejar-sin-trabajo-a-miles-de-carreros\/","title":{"rendered":"SALTA: EL MUNICIPIO QUIERE DEJAR SIN TRABAJO A MILES DE CARREROS"},"content":{"rendered":"<p><span style=\"color: red; font-family: Verdana, sans-serif; font-size: large;\"><b>ALERTA Y MOVILIZACION A NIVEL NACIONAL<\/b><\/span><\/p>\n<div style=\"clear: both; text-align: center;\"><a style=\"clear: left; float: left; margin-bottom: 1em; margin-right: 1em;\" href=\"http:\/\/4.bp.blogspot.com\/-zz6fSm7ijzI\/VYlZYisf_HI\/AAAAAAAAE6E\/Uf0mIsogx7U\/s1600\/cartoneros.png\"><img loading=\"lazy\" decoding=\"async\" src=\"http:\/\/4.bp.blogspot.com\/-zz6fSm7ijzI\/VYlZYisf_HI\/AAAAAAAAE6E\/Uf0mIsogx7U\/s200\/cartoneros.png\" width=\"200\" height=\"70\" border=\"0\" \/><\/a><\/div>\n<div style=\"text-align: justify;\"><span style=\"font-family: Verdana, sans-serif;\">La Federaci\u00f3n Argentina de Cartoneros y Recicladores (FACyR \u2013 CTEP) anunci\u00f3 el estado de alerta y movilizaci\u00f3n a nivel nacional. El conflicto surge a partir del avance del Municipio de la ciudad de Salta sobre el trabajo y la vida de m\u00e1s de 800 familias.<\/span><br \/>\n<a name=\"more\"><\/a><span style=\"font-family: Verdana, sans-serif;\">El gobierno municipal, con el Secretario de Gobierno Mauro Sabbadini como principal impulsor, pretende sancionar una ordenanza que tiene como fin prohibir la tracci\u00f3n a sangre, lo que implica dejar sin sustento a cientos de trabajadores que d\u00eda a d\u00eda trabajan en diversas zonas de la ciudad. Hasta el momento no se ha abierto ning\u00fan di\u00e1logo entre las partes.<br \/>\nFredy Flores Nu\u00f1ez, referente de la Agrupaci\u00f3n de Carreros Salte\u00f1os se\u00f1al\u00f3 \u00abestamos esperando que las autoridades del Gobierno de la Ciudad de Salta abran un canal de di\u00e1logo. En caso contrario los hacemos responsables de lo que suceda de aqu\u00ed en adelante\u00bb.<br \/>\nLa ordenanza presentada solo se enfoca en la supuesta protecci\u00f3n de los animales, y hace especial \u00e9nfasis en la necesidad de quitarles los caballos a los carreros y su consecuente erradicaci\u00f3n de la ciudad. <\/span><\/div>\n<p><span style=\"font-family: Verdana, sans-serif;\">A su vez, Sergio S\u00e1nchez, presidente de la FACyR \u00bb A pocos d\u00edas de participar en el encuentro mundial de movimientos populares en dialogo con el Papa Francisco, record\u00f3 el compromiso del actual Papa con los trabajadores y sus palabras en aquella misa que dio junto a los cartoneros en Plaza de Constituci\u00f3n: \u201cEn esta ciudad est\u00e1 prohibida la tracci\u00f3n a sangre, entonces si van con el carrito al centro les confiscan el burrito o el caballo. Pero todas las noches veo carritos cargados de cartones y tirados por chicos, \u00bfeso no es tracci\u00f3n a sangre? (\u2026.) vale m\u00e1s la carne de una mascota!\u201d.<br \/>\nLa FACYR-CTEP viene luchando contra este tipo de legislaciones en Rosario, C\u00f3rdoba, Santiago del Estero, Bah\u00eda Blanca, entre otras, planteando con fuerza la necesidad de un reconocimiento al trabajo digno, exigiendo la intervenci\u00f3n del Estado para que a trav\u00e9s de pol\u00edticas p\u00fablicas los trabajadores y trabajadoras puedan contar con los derechos que corresponden.<\/span><\/p>\n<p><span style=\"color: red;\"><b>\u00a1SI TOCAN A UNO TOCAN A TODOS!<br \/>\n\u00a1NI ESCLAVOS NI EXCLUIDOS!<\/b><\/span><\/p>\n<p><span style=\"font-family: Verdana, sans-serif; font-size: x-small;\">Contacto de prensa:<br \/>\nFredu Flores Nu\u00f1ez (Carrero de Salta) 0387 15 468 6418<br \/>\nRodrigo (FACYR- en Salta) 1137787532<br \/>\nGabriela (Prensa FACYR) 1132669917 <\/span><br \/>\n<span style=\"color: #0b5394;\"><b><span style=\"font-family: Verdana;\">CTEP\/PRODUCCI\u00d3N RIACHUELO <\/span><\/b><\/span><\/p>\n","protected":false},"excerpt":{"rendered":"<p>ALERTA Y MOVILIZACION A NIVEL NACIONAL La Federaci\u00f3n Argentina de Cartoneros y Recicladores (FACyR \u2013 CTEP) anunci\u00f3 el estado de alerta y movilizaci\u00f3n a nivel nacional. El conflicto surge a partir del avance del Municipio de la ciudad de Salta sobre el trabajo y la vida de m\u00e1s de 800 familias. El gobierno municipal, con [&hellip;]<\/p>\n","protected":false},"author":4,"featured_media":22474,"comment_status":"open","ping_status":"open","sticky":false,"template":"","format":"standard","meta":{"_monsterinsights_skip_tracking":false,"_monsterinsights_sitenote_active":false,"_monsterinsights_sitenote_note":"","_monsterinsights_sitenote_category":0,"jnews-multi-image_gallery":[],"jnews_single_post":{"format":"standard"},"jnews_primary_category":[],"_joinchat":[],"footnotes":""},"categories":[58],"tags":[64,148],"class_list":["post-327","post","type-post","status-publish","format-standard","has-post-thumbnail","hentry","category-noticiariachuelo","tag-economia-popular","tag-trabajo"],"_links":{"self":[{"href":"http:\/\/fmriachuelo.it10.com.ar\/index.php\/wp-json\/wp\/v2\/posts\/327","targetHints":{"allow":["GET"]}}],"collection":[{"href":"http:\/\/fmriachuelo.it10.com.ar\/index.php\/wp-json\/wp\/v2\/posts"}],"about":[{"href":"http:\/\/fmriachuelo.it10.com.ar\/index.php\/wp-json\/wp\/v2\/types\/post"}],"author":[{"embeddable":true,"href":"http:\/\/fmriachuelo.it10.com.ar\/index.php\/wp-json\/wp\/v2\/users\/4"}],"replies":[{"embeddable":true,"href":"http:\/\/fmriachuelo.it10.com.ar\/index.php\/wp-json\/wp\/v2\/comments?post=327"}],"version-history":[{"count":1,"href":"http:\/\/fmriachuelo.it10.com.ar\/index.php\/wp-json\/wp\/v2\/posts\/327\/revisions"}],"predecessor-version":[{"id":22475,"href":"http:\/\/fmriachuelo.it10.com.ar\/index.php\/wp-json\/wp\/v2\/posts\/327\/revisions\/22475"}],"wp:featuredmedia":[{"embeddable":true,"href":"http:\/\/fmriachuelo.it10.com.ar\/index.php\/wp-json\/wp\/v2\/media\/22474"}],"wp:attachment":[{"href":"http:\/\/fmriachuelo.it10.com.ar\/index.php\/wp-json\/wp\/v2\/media?parent=327"}],"wp:term":[{"taxonomy":"category","embeddable":true,"href":"http:\/\/fmriachuelo.it10.com.ar\/index.php\/wp-json\/wp\/v2\/categories?post=327"},{"taxonomy":"post_tag","embeddable":true,"href":"http:\/\/fmriachuelo.it10.com.ar\/index.php\/wp-json\/wp\/v2\/tags?post=327"}],"curies":[{"name":"wp","href":"https:\/\/api.w.org\/{rel}","templated":true}]}}