{"id":3267,"date":"2016-11-24T18:22:17","date_gmt":"2016-11-24T18:22:17","guid":{"rendered":"http:\/\/fmriachuelo.com.ar\/ljkjklj\/?p=3267"},"modified":"2016-11-24T18:22:17","modified_gmt":"2016-11-24T18:22:17","slug":"violencia-en-la-comuna-4","status":"publish","type":"post","link":"http:\/\/fmriachuelo.it10.com.ar\/index.php\/2016\/11\/24\/violencia-en-la-comuna-4\/","title":{"rendered":"VIOLENCIA EN LA COMUNA 4"},"content":{"rendered":"<p style=\"text-align: justify\">[FMR 24\/11\/16] Ayer, en el programa <strong><span style=\"color: #ff0000\">Romp\u00e9 el Cerco Informativo<\/span><\/strong>, en di\u00e1logo con la\u00a0\u00a0Dra. Mar\u00eca del Carmen Verdu, (CORREPI) abogada de Mat\u00edas Sc\u00ecnica, que relat\u00f3 que la justicia notific\u00f3 a las querellas que ha finalizado la etapa de instrucci\u00f3n, donde solo queda imputado Jorge Corzo hijo por el atentado a Mat\u00edas Sc\u00ednica, \u00a0no se toma en cuenta la situaci\u00f3n en su contexto de agresi\u00f3n al conjunto y no se imputa a Corzo padre por su participaci\u00f3n en el hecho de agresi\u00f3n pol\u00edtica.<\/p>\n<p style=\"text-align: justify\">Escuch\u00e1 la entrevista completa a la Dra. Verd\u00fa abogada de Sc\u00ednica, y referente de la Coordinadora contra la Represi\u00f3n Policial, Correpi<\/p>\n<p>La causa se inici\u00f3 con los hechos donde una patota que se identific\u00f3 r\u00e1pidamente vinculada al PRO agredi\u00f3 a los participantes de la asamblea comunal donde se iba a discutir el destino de los terrenos de Casa Amarilla.\u00a0<strong><span style=\"color: #0000ff\"> MAS INFORMACI\u00d3N<\/span><\/strong><\/p>\n","protected":false},"excerpt":{"rendered":"<p>[FMR 24\/11\/16] Ayer, en el programa Romp\u00e9 el Cerco Informativo, en di\u00e1logo con la\u00a0\u00a0Dra. Mar\u00eca del Carmen Verdu, (CORREPI) abogada de Mat\u00edas Sc\u00ecnica, que relat\u00f3 que la justicia notific\u00f3 a las querellas que ha finalizado la etapa de instrucci\u00f3n, donde solo queda imputado Jorge Corzo hijo por el atentado a Mat\u00edas Sc\u00ednica, \u00a0no se toma [&hellip;]<\/p>\n","protected":false},"author":4,"featured_media":2912,"comment_status":"open","ping_status":"open","sticky":false,"template":"","format":"link","meta":{"_monsterinsights_skip_tracking":false,"_monsterinsights_sitenote_active":false,"_monsterinsights_sitenote_note":"","_monsterinsights_sitenote_category":0,"jnews-multi-image_gallery":[],"jnews_single_post":[],"jnews_primary_category":[],"_joinchat":[],"footnotes":""},"categories":[78],"tags":[],"class_list":["post-3267","post","type-post","status-publish","format-link","has-post-thumbnail","hentry","category-economia-popular","post_format-post-format-link"],"_links":{"self":[{"href":"http:\/\/fmriachuelo.it10.com.ar\/index.php\/wp-json\/wp\/v2\/posts\/3267","targetHints":{"allow":["GET"]}}],"collection":[{"href":"http:\/\/fmriachuelo.it10.com.ar\/index.php\/wp-json\/wp\/v2\/posts"}],"about":[{"href":"http:\/\/fmriachuelo.it10.com.ar\/index.php\/wp-json\/wp\/v2\/types\/post"}],"author":[{"embeddable":true,"href":"http:\/\/fmriachuelo.it10.com.ar\/index.php\/wp-json\/wp\/v2\/users\/4"}],"replies":[{"embeddable":true,"href":"http:\/\/fmriachuelo.it10.com.ar\/index.php\/wp-json\/wp\/v2\/comments?post=3267"}],"version-history":[{"count":0,"href":"http:\/\/fmriachuelo.it10.com.ar\/index.php\/wp-json\/wp\/v2\/posts\/3267\/revisions"}],"wp:featuredmedia":[{"embeddable":true,"href":"http:\/\/fmriachuelo.it10.com.ar\/index.php\/wp-json\/"}],"wp:attachment":[{"href":"http:\/\/fmriachuelo.it10.com.ar\/index.php\/wp-json\/wp\/v2\/media?parent=3267"}],"wp:term":[{"taxonomy":"category","embeddable":true,"href":"http:\/\/fmriachuelo.it10.com.ar\/index.php\/wp-json\/wp\/v2\/categories?post=3267"},{"taxonomy":"post_tag","embeddable":true,"href":"http:\/\/fmriachuelo.it10.com.ar\/index.php\/wp-json\/wp\/v2\/tags?post=3267"}],"curies":[{"name":"wp","href":"https:\/\/api.w.org\/{rel}","templated":true}]}}