{"id":326,"date":"2015-06-23T13:31:00","date_gmt":"2015-06-23T13:31:00","guid":{"rendered":"http:\/\/fmriachuelo.observatorioess.org.ar\/index.php\/2015\/06\/23\/alto-valle-de-rio-negro-produccion-frutihorticola-en-emergencia\/"},"modified":"2025-04-07T15:10:38","modified_gmt":"2025-04-07T18:10:38","slug":"alto-valle-de-rio-negro-produccion-frutihorticola-en-emergencia","status":"publish","type":"post","link":"http:\/\/fmriachuelo.it10.com.ar\/index.php\/2015\/06\/23\/alto-valle-de-rio-negro-produccion-frutihorticola-en-emergencia\/","title":{"rendered":"ALTO VALLE DE R\u00cdO NEGRO: PRODUCCI\u00d3N FRUTIHORTICOLA EN EMERGENCIA"},"content":{"rendered":"<p><span style=\"font-size: large\"><span style=\"font-family: Verdana,sans-serif\"><span style=\"color: red\"><b>PIQUETES LEGALES<\/b><\/span><\/span><\/span><br \/><span style=\"font-size: small\"><span style=\"font-family: Verdana,sans-serif\"><b>CRISIS DEL SECTOR FRUTIHORT\u00cdCOLA<\/b><\/span><\/span><\/p>\n<div style=\"clear: both;text-align: center\"><span style=\"font-size: small\"><span style=\"font-family: Verdana,sans-serif\"><a href=\"http:\/\/1.bp.blogspot.com\/-U6O-D8XP2GE\/VYlflSDpJsI\/AAAAAAAAE6o\/EIWSbmab_lg\/s1600\/0-Productores.jpg\" style=\"clear: left;float: left;margin-bottom: 1em;margin-right: 1em\"><img loading=\"lazy\" decoding=\"async\" border=\"0\" height=\"133\" src=\"http:\/\/1.bp.blogspot.com\/-U6O-D8XP2GE\/VYlflSDpJsI\/AAAAAAAAE6o\/EIWSbmab_lg\/s200\/0-Productores.jpg\" width=\"200\" \/><\/a><\/span><\/span><\/div>\n<div><span style=\"font-size: small\"><span style=\"font-family: Verdana,sans-serif\">Los productores de fruta del Alto Valle de R\u00edo Negro y Neuqu\u00e9n durante&nbsp;&nbsp;varios d\u00edas del mes de junio mantuvieron cortadas las rutas con sus tractores y camiones en reclamo por una soluci\u00f3n de parte del gobierno nacional a la aguda crisis que soporta el sector.<\/span><\/span><br \/><a name='more'><\/a><span style=\"font-size: small\">En donde unos 2000 trabajadores y chacareros se instalaron  en las Rutas 22 y 151 impidiendo cualquier tipo de tr\u00e1nsito entre las ciudades m\u00e1s importantes de las dos provincias.&nbsp; <\/span><\/div>\n<div><span style=\"font-size: small\"><span style=\"font-family: Verdana,sans-serif\">El ministro de Agricultura de la Naci\u00f3n, Carlos Casamiquela, mantuvo ayer una serie de reuniones con productores de peras y manzanas, como as\u00ed tambi\u00e9n funcionarios del gobierno de Neuqu\u00e9n y R\u00edo Negro, para avanzar en una mesa de trabajo conjunta, luego de que Brasil permitiera nuevamente las exportaciones de estos productos. <br \/>El funcionario adelant\u00f3 que en los pr\u00f3ximos d\u00edas se instrumentar\u00e1 la \u00faltima etapa de los aportes no retornables.  El presidente de la Federaci\u00f3n de Productores de Frutas de R\u00edo Negro y Neuqu\u00e9n, Jorge Figueroa, consider\u00f3 \u201cinsuficientes\u201d esos fondos y anunci\u00f3 que hoy mantendr\u00e1 una asamblea con productores para definir acciones a seguir.<br \/>La decisi\u00f3n de Brasil de abrir nuevamente su frontera a los productos locales trajo algo de alivio entre los agricultores afectados tambi\u00e9n por la fuerte devaluaci\u00f3n en Rusia y una merma de las ventas hacia Europa.<\/span><\/span><br \/><span style=\"font-size: small\"><span style=\"font-family: Verdana,sans-serif\">Los productores estuvieron representados por la C\u00e1mara Argentina de Fruticultores Integrados (CAFI), la Federaci\u00f3n de Productores R\u00edo Negro y Neuqu\u00e9n y la C\u00e1mara Argentina de la Industria y Exportaci\u00f3n de Jugos de Manzana, Peras y Afines (Cinex).<br \/>\u201cLo que nos ofrecen no alcanza para nada. Ni para hacer el 50 por ciento de las tareas. Nos deja en una situaci\u00f3n grav\u00edsima. Ma\u00f1ana lo vamos a analizar en asamblea. El sector no va a rechazar la ayuda, pero seguramente seguir\u00e1 reclamando porque los recursos son totalmente insuficientes, y as\u00ed no se puede generar expectativa con respecto a la competitividad del productor\u201d, manifest\u00f3 Figueroa.<br \/>Casamiquela tambi\u00e9n estuvo reunido con el ministro de Desarrollo Territorial de Neuqu\u00e9n, Elso Bertoya; el secretario de Fruticultura de la Provincia de R\u00edo Negro, Alberto Diomedi, y la viceministra de Trabajo, Noem\u00ed Rial. En el encuentro, los funcionarios acordaron avanzar con la \u201cresoluci\u00f3n de transparencia comercial\u201d, que en la pr\u00e1ctica significar\u00e1 que los productores puedan acceder a contratos formales donde quede consignado el precio que reciben por sus productos.<\/span><\/span><\/p>\n<div><span style=\"font-size: x-small\"><span style=\"color: #0b5394\"><b>P\u00c1GINA 12 &#8211; LA VOZ DE CIPOLLETI\/PRODUCCI\u00d3N RIACHUELO<\/b><\/span><\/span><\/div>\n<\/div>\n","protected":false},"excerpt":{"rendered":"<p>PIQUETES LEGALESCRISIS DEL SECTOR FRUTIHORT\u00cdCOLA Los productores de fruta del Alto Valle de R\u00edo Negro y Neuqu\u00e9n durante&nbsp;&nbsp;varios d\u00edas del mes de junio mantuvieron cortadas las rutas con sus tractores y camiones en reclamo por una soluci\u00f3n de parte del gobierno nacional a la aguda crisis que soporta el sector.En donde unos 2000 trabajadores y [&hellip;]<\/p>\n","protected":false},"author":4,"featured_media":0,"comment_status":"open","ping_status":"open","sticky":false,"template":"","format":"standard","meta":{"_monsterinsights_skip_tracking":false,"_monsterinsights_sitenote_active":false,"_monsterinsights_sitenote_note":"","_monsterinsights_sitenote_category":0,"jnews-multi-image_gallery":[],"jnews_single_post":{"format":"standard"},"jnews_primary_category":[],"_joinchat":[],"footnotes":""},"categories":[58],"tags":[71,157,148],"class_list":["post-326","post","type-post","status-publish","format-standard","hentry","category-noticiariachuelo","tag-de-la-tierra","tag-nadie-se-salva-solo","tag-trabajo"],"_links":{"self":[{"href":"http:\/\/fmriachuelo.it10.com.ar\/index.php\/wp-json\/wp\/v2\/posts\/326","targetHints":{"allow":["GET"]}}],"collection":[{"href":"http:\/\/fmriachuelo.it10.com.ar\/index.php\/wp-json\/wp\/v2\/posts"}],"about":[{"href":"http:\/\/fmriachuelo.it10.com.ar\/index.php\/wp-json\/wp\/v2\/types\/post"}],"author":[{"embeddable":true,"href":"http:\/\/fmriachuelo.it10.com.ar\/index.php\/wp-json\/wp\/v2\/users\/4"}],"replies":[{"embeddable":true,"href":"http:\/\/fmriachuelo.it10.com.ar\/index.php\/wp-json\/wp\/v2\/comments?post=326"}],"version-history":[{"count":1,"href":"http:\/\/fmriachuelo.it10.com.ar\/index.php\/wp-json\/wp\/v2\/posts\/326\/revisions"}],"predecessor-version":[{"id":23652,"href":"http:\/\/fmriachuelo.it10.com.ar\/index.php\/wp-json\/wp\/v2\/posts\/326\/revisions\/23652"}],"wp:attachment":[{"href":"http:\/\/fmriachuelo.it10.com.ar\/index.php\/wp-json\/wp\/v2\/media?parent=326"}],"wp:term":[{"taxonomy":"category","embeddable":true,"href":"http:\/\/fmriachuelo.it10.com.ar\/index.php\/wp-json\/wp\/v2\/categories?post=326"},{"taxonomy":"post_tag","embeddable":true,"href":"http:\/\/fmriachuelo.it10.com.ar\/index.php\/wp-json\/wp\/v2\/tags?post=326"}],"curies":[{"name":"wp","href":"https:\/\/api.w.org\/{rel}","templated":true}]}}