{"id":3253,"date":"2016-11-22T12:45:39","date_gmt":"2016-11-22T12:45:39","guid":{"rendered":"http:\/\/fmriachuelo.com.ar\/ljkjklj\/?p=3253"},"modified":"2016-11-22T12:45:39","modified_gmt":"2016-11-22T12:45:39","slug":"entrevista-al-gringo-castro-secret-gral-ctep-emergencia-social-evaluacion-y-contactos-con-el-gobierno","status":"publish","type":"post","link":"http:\/\/fmriachuelo.it10.com.ar\/index.php\/2016\/11\/22\/entrevista-al-gringo-castro-secret-gral-ctep-emergencia-social-evaluacion-y-contactos-con-el-gobierno\/","title":{"rendered":"ENTREVISTA AL \u00abGRINGO\u00bb CASTRO, SECRET. GRAL. CTEP, #EMERGENCIA SOCIAL EVALUACI\u00d3N Y CONTACTOS CON EL GOBIERNO"},"content":{"rendered":"<p style=\"text-align: justify\">[FMR 22\/11\/16] En una entrevista, realizada en\u00a0el programa <span style=\"color: #ff0000\"><strong>Romp\u00e9 el Cerco Informativo<\/strong><\/span>, \u00a0con Esteban \u00abGringo\u00bb Castro, Secretario Gral. de la CTEP, realiz\u00f3 una evaluaci\u00f3n y balance de la movilizaci\u00f3n por la ley de #EmergenciaSocial y Laboral. Tambi\u00e9n\u00a0se refiri\u00f3 a la entrevista mantenida en el Ministerio de Desarrollo Social de la Naci\u00f3n, \u00a0en el d\u00eda de ayer y al encuentro que tambi\u00e9n se mantendr\u00e1 con las dirigencias de las centrales sindicales que se hicieron presentes, en medida de protesta del viernes 18. Escuchala a continuaci\u00f3n:<\/p>\n<p style=\"text-align: justify\">Respecto del balance de la marcha del viernes pasado, el Gringo\u00a0Castr\u00f3 destac\u00f3 que el \u00abbalance es positivo porque se moviliz\u00f3 mucha gente y logr\u00f3 poner en agenda la emergencia social\u00bb Al mismo tiempo tambi\u00e9n destac\u00f3 que la idea de la marcha es el resultado posterior a la marcha de San Cayetano, realizada el 7 de agosto, donde madur\u00f3 la idea de trabajar con el conjunto de la clase trabajadora en funci\u00f3n de que haya respuesta para los m\u00e1s humildes, tal lo expresado en la entrevista. Destac\u00f3 que la sanci\u00f3n de la ley parece que ser\u00e1 el resultado esperado y que la decisi\u00f3n de vetarla tendr\u00e1 un gran costo pol\u00edtico para el gobierno nacional.<\/p>\n<p style=\"text-align: justify\">Respecto de la reuni\u00f3n con la ministra de Desarrollo Social, del d\u00eda de ayer, inform\u00f3 que la misma era una reuni\u00f3n en la que participaron los movimientos sociales y la Pastoral Social. Inform\u00f3 que la reuni\u00f3n de ayer se hab\u00eda concretado despues de la postergaci\u00f3n de la semana pasada. En ese encuentro\u00a0el eje estuvo puesto en la sanci\u00f3n de la ley y en la actitud de los diputados del PRO de desde\u00f1arla, por lo que adelant\u00f3 que se continuar\u00e1n haciendo reuniones para ajustar la necesidad de registraci\u00f3n de los trabajadores de la econom\u00eda popular y el salario social complementario. Se plante\u00f3 tambi\u00e9n\u00a0entre las cuestiones m\u00e1s destacadas: la necesidad del aguinaldo social o bono social, la entrega de los bolsones navide\u00f1os, como todos los a\u00f1os y el aumento de los planes Argentina Trabaja. La evaluaci\u00f3n de\u00a0la reuni\u00f3n fue bastante buena y faltan ajustar algunas cosas que se van a discutir en una reuni\u00f3n en el d\u00eda de hoy.<\/p>\n<p style=\"text-align: justify\">Respecto de la proxima reuni\u00f3n con las centrales sindicales, destac\u00f3 el reconocimiento a la\u00a0las mismas tienen hacia los sectores m\u00e1s vulnerables y a su condici\u00f3n de trabajadores, tal como qued\u00f3 expresado en los discursos.<\/p>\n<p>&nbsp;<\/p>\n","protected":false},"excerpt":{"rendered":"<p>[FMR 22\/11\/16] En una entrevista, realizada en\u00a0el programa Romp\u00e9 el Cerco Informativo, \u00a0con Esteban \u00abGringo\u00bb Castro, Secretario Gral. de la CTEP, realiz\u00f3 una evaluaci\u00f3n y balance de la movilizaci\u00f3n por la ley de #EmergenciaSocial y Laboral. Tambi\u00e9n\u00a0se refiri\u00f3 a la entrevista mantenida en el Ministerio de Desarrollo Social de la Naci\u00f3n, \u00a0en el d\u00eda de [&hellip;]<\/p>\n","protected":false},"author":4,"featured_media":3254,"comment_status":"open","ping_status":"open","sticky":false,"template":"","format":"standard","meta":{"_monsterinsights_skip_tracking":false,"_monsterinsights_sitenote_active":false,"_monsterinsights_sitenote_note":"","_monsterinsights_sitenote_category":0,"jnews-multi-image_gallery":[],"jnews_single_post":[],"jnews_primary_category":[],"_joinchat":[],"footnotes":""},"categories":[76,75],"tags":[],"class_list":["post-3253","post","type-post","status-publish","format-standard","has-post-thumbnail","hentry","category-salud-comunitaria","category-trabajo"],"_links":{"self":[{"href":"http:\/\/fmriachuelo.it10.com.ar\/index.php\/wp-json\/wp\/v2\/posts\/3253","targetHints":{"allow":["GET"]}}],"collection":[{"href":"http:\/\/fmriachuelo.it10.com.ar\/index.php\/wp-json\/wp\/v2\/posts"}],"about":[{"href":"http:\/\/fmriachuelo.it10.com.ar\/index.php\/wp-json\/wp\/v2\/types\/post"}],"author":[{"embeddable":true,"href":"http:\/\/fmriachuelo.it10.com.ar\/index.php\/wp-json\/wp\/v2\/users\/4"}],"replies":[{"embeddable":true,"href":"http:\/\/fmriachuelo.it10.com.ar\/index.php\/wp-json\/wp\/v2\/comments?post=3253"}],"version-history":[{"count":0,"href":"http:\/\/fmriachuelo.it10.com.ar\/index.php\/wp-json\/wp\/v2\/posts\/3253\/revisions"}],"wp:featuredmedia":[{"embeddable":true,"href":"http:\/\/fmriachuelo.it10.com.ar\/index.php\/wp-json\/"}],"wp:attachment":[{"href":"http:\/\/fmriachuelo.it10.com.ar\/index.php\/wp-json\/wp\/v2\/media?parent=3253"}],"wp:term":[{"taxonomy":"category","embeddable":true,"href":"http:\/\/fmriachuelo.it10.com.ar\/index.php\/wp-json\/wp\/v2\/categories?post=3253"},{"taxonomy":"post_tag","embeddable":true,"href":"http:\/\/fmriachuelo.it10.com.ar\/index.php\/wp-json\/wp\/v2\/tags?post=3253"}],"curies":[{"name":"wp","href":"https:\/\/api.w.org\/{rel}","templated":true}]}}