{"id":325,"date":"2015-06-23T13:38:00","date_gmt":"2015-06-23T13:38:00","guid":{"rendered":"http:\/\/fmriachuelo.observatorioess.org.ar\/index.php\/2015\/06\/23\/mendoza-elecciones-provinciales\/"},"modified":"2025-04-07T15:11:13","modified_gmt":"2025-04-07T18:11:13","slug":"mendoza-elecciones-provinciales","status":"publish","type":"post","link":"http:\/\/fmriachuelo.it10.com.ar\/index.php\/2015\/06\/23\/mendoza-elecciones-provinciales\/","title":{"rendered":"MENDOZA: ELECCIONES PROVINCIALES"},"content":{"rendered":"<p><span style=\"font-size: large\"><span style=\"font-family: Verdana,sans-serif\"><span style=\"color: red\"><b>EL FRENTE DE IZQUIERDA SE CONVIERTE EN 3\u00ba FUERZA<\/b><\/span><\/span><\/span><\/p>\n<div style=\"clear: both;text-align: center\"><span style=\"font-size: small\"><span style=\"font-family: Verdana,sans-serif\"><a href=\"http:\/\/2.bp.blogspot.com\/-Hu1PFfvJycs\/VYlgO-pFvEI\/AAAAAAAAE6w\/d4LCupO_tlo\/s1600\/FIT.png\" style=\"clear: left;float: left;margin-bottom: 1em;margin-right: 1em\"><img loading=\"lazy\" decoding=\"async\" border=\"0\" height=\"133\" src=\"http:\/\/2.bp.blogspot.com\/-Hu1PFfvJycs\/VYlgO-pFvEI\/AAAAAAAAE6w\/d4LCupO_tlo\/s200\/FIT.png\" width=\"200\" \/><\/a><\/span><\/span><\/div>\n<div style=\"text-align: justify\"><span style=\"font-size: small\"><span style=\"font-family: Verdana,sans-serif\">El FIT ratific\u00f3 su condici\u00f3n de tercera fuerza en la provincia de Mendoza. El pasado domingo 21 de junio se realizaron las elecciones generales para elegir gobernador en Mendoza, donde el FIT obtuvo m\u00e1s del 10% de los sufragios superando los 110 mil votos.<\/span><\/span><br \/><a name='more'><\/a><span style=\"font-size: small\">Aunque la elecci\u00f3n est\u00e1 polarizada, la candidata a gobernadora resalt\u00f3 el crecimiento de su partido que \u00abtuvo un mejor resultado que en las PASO\u00bb.<\/span><br \/><span style=\"font-size: small\"><span style=\"font-family: Verdana,sans-serif\">La candidata a gobernadora de Mendoza por el Frente de Izquierda, Noelia Barbeito, afirm\u00f3  que \u00abclaramente\u00bb su partido se consolida como la tercera fuerza en la provincia tras las elecciones provinciales.<\/span><\/span><\/div>\n<p><span style=\"color: #0b5394\"><span style=\"font-size: x-small\"><b><span style=\"font-family: Verdana,sans-serif\">LA IZQUIERDA DIARIO-EL DESTAPAE\/PRODUCCI\u00d3N RIACHUELO<\/span><\/b><\/span><\/span><\/p>\n","protected":false},"excerpt":{"rendered":"<p>EL FRENTE DE IZQUIERDA SE CONVIERTE EN 3\u00ba FUERZA El FIT ratific\u00f3 su condici\u00f3n de tercera fuerza en la provincia de Mendoza. El pasado domingo 21 de junio se realizaron las elecciones generales para elegir gobernador en Mendoza, donde el FIT obtuvo m\u00e1s del 10% de los sufragios superando los 110 mil votos.Aunque la elecci\u00f3n [&hellip;]<\/p>\n","protected":false},"author":4,"featured_media":0,"comment_status":"open","ping_status":"open","sticky":false,"template":"","format":"standard","meta":{"_monsterinsights_skip_tracking":false,"_monsterinsights_sitenote_active":false,"_monsterinsights_sitenote_note":"","_monsterinsights_sitenote_category":0,"jnews-multi-image_gallery":[],"jnews_single_post":{"format":"standard"},"jnews_primary_category":[],"_joinchat":[],"footnotes":""},"categories":[58],"tags":[],"class_list":["post-325","post","type-post","status-publish","format-standard","hentry","category-noticiariachuelo"],"_links":{"self":[{"href":"http:\/\/fmriachuelo.it10.com.ar\/index.php\/wp-json\/wp\/v2\/posts\/325","targetHints":{"allow":["GET"]}}],"collection":[{"href":"http:\/\/fmriachuelo.it10.com.ar\/index.php\/wp-json\/wp\/v2\/posts"}],"about":[{"href":"http:\/\/fmriachuelo.it10.com.ar\/index.php\/wp-json\/wp\/v2\/types\/post"}],"author":[{"embeddable":true,"href":"http:\/\/fmriachuelo.it10.com.ar\/index.php\/wp-json\/wp\/v2\/users\/4"}],"replies":[{"embeddable":true,"href":"http:\/\/fmriachuelo.it10.com.ar\/index.php\/wp-json\/wp\/v2\/comments?post=325"}],"version-history":[{"count":1,"href":"http:\/\/fmriachuelo.it10.com.ar\/index.php\/wp-json\/wp\/v2\/posts\/325\/revisions"}],"predecessor-version":[{"id":23653,"href":"http:\/\/fmriachuelo.it10.com.ar\/index.php\/wp-json\/wp\/v2\/posts\/325\/revisions\/23653"}],"wp:attachment":[{"href":"http:\/\/fmriachuelo.it10.com.ar\/index.php\/wp-json\/wp\/v2\/media?parent=325"}],"wp:term":[{"taxonomy":"category","embeddable":true,"href":"http:\/\/fmriachuelo.it10.com.ar\/index.php\/wp-json\/wp\/v2\/categories?post=325"},{"taxonomy":"post_tag","embeddable":true,"href":"http:\/\/fmriachuelo.it10.com.ar\/index.php\/wp-json\/wp\/v2\/tags?post=325"}],"curies":[{"name":"wp","href":"https:\/\/api.w.org\/{rel}","templated":true}]}}