{"id":3242,"date":"2016-11-21T18:31:42","date_gmt":"2016-11-21T18:31:42","guid":{"rendered":"http:\/\/fmriachuelo.com.ar\/ljkjklj\/?p=3242"},"modified":"2016-11-21T18:31:42","modified_gmt":"2016-11-21T18:31:42","slug":"3242","status":"publish","type":"post","link":"http:\/\/fmriachuelo.it10.com.ar\/index.php\/2016\/11\/21\/3242\/","title":{"rendered":"BALANCE #EMERGENCIASOCIAL CON REFERENTES DE LA MESA GREMIAL 19 y 20 (CTEP)"},"content":{"rendered":"<p style=\"text-align: justify\">[FMR-Poetas Sociales 21\/11\/2016] El s\u00e1bado por la ma\u00f1ana, Lito Borello y Dar\u00edo Zaffal\u00f3n de la Mesa Gremial 19 y 20 de la CTEP, visitaron nuestro programa Poetas Sociales en su emisi\u00f3n desde el Paseo de la Econom\u00eda Popular Mart\u00edn Oso Cisneros. Aprovechamos su presencia para balancear juntos la jornada de lucha #EmergenciaSocial que el viernes 18 convoc\u00f3 a m\u00e1s de 200.000 trabajadores para exigir la Ley de Emergencia Social y otra cantidad de medidas que los sectores populares vienen reclamando a un gobierno sordo a los reclamos populares.<\/p>\n<p style=\"text-align: justify\">\n<p style=\"text-align: justify\">Entre los temas que se discutieron se destacan: la irrupci\u00f3n de los trabajadores de la econom\u00eda popular como un sujeto fundamental en la conquista de la justicia social, las consecuencias para el gobierno si intenta frenar el proyecto de ley, el por qu\u00e9 de la constituci\u00f3n de la mesa gremial 19 y 20 para aportar a la construcci\u00f3n de la CTEP, y la Ley de Producci\u00f3n Social Autogestionaria del Habitat Popular como otro instrumento valioso para los derechos del Pueblo.<\/p>\n<p style=\"text-align: justify\">Te invitamos tambi\u00e9n a escuchar el programa completo:<\/p>\n","protected":false},"excerpt":{"rendered":"<p>[FMR-Poetas Sociales 21\/11\/2016] El s\u00e1bado por la ma\u00f1ana, Lito Borello y Dar\u00edo Zaffal\u00f3n de la Mesa Gremial 19 y 20 de la CTEP, visitaron nuestro programa Poetas Sociales en su emisi\u00f3n desde el Paseo de la Econom\u00eda Popular Mart\u00edn Oso Cisneros. Aprovechamos su presencia para balancear juntos la jornada de lucha #EmergenciaSocial que el viernes [&hellip;]<\/p>\n","protected":false},"author":4,"featured_media":3243,"comment_status":"open","ping_status":"open","sticky":false,"template":"","format":"standard","meta":{"_monsterinsights_skip_tracking":false,"_monsterinsights_sitenote_active":false,"_monsterinsights_sitenote_note":"","_monsterinsights_sitenote_category":0,"jnews-multi-image_gallery":[],"jnews_single_post":[],"jnews_primary_category":[],"_joinchat":[],"footnotes":""},"categories":[78,76,74,75],"tags":[],"class_list":["post-3242","post","type-post","status-publish","format-standard","has-post-thumbnail","hentry","category-economia-popular","category-salud-comunitaria","category-san-cayetano","category-trabajo"],"_links":{"self":[{"href":"http:\/\/fmriachuelo.it10.com.ar\/index.php\/wp-json\/wp\/v2\/posts\/3242","targetHints":{"allow":["GET"]}}],"collection":[{"href":"http:\/\/fmriachuelo.it10.com.ar\/index.php\/wp-json\/wp\/v2\/posts"}],"about":[{"href":"http:\/\/fmriachuelo.it10.com.ar\/index.php\/wp-json\/wp\/v2\/types\/post"}],"author":[{"embeddable":true,"href":"http:\/\/fmriachuelo.it10.com.ar\/index.php\/wp-json\/wp\/v2\/users\/4"}],"replies":[{"embeddable":true,"href":"http:\/\/fmriachuelo.it10.com.ar\/index.php\/wp-json\/wp\/v2\/comments?post=3242"}],"version-history":[{"count":0,"href":"http:\/\/fmriachuelo.it10.com.ar\/index.php\/wp-json\/wp\/v2\/posts\/3242\/revisions"}],"wp:featuredmedia":[{"embeddable":true,"href":"http:\/\/fmriachuelo.it10.com.ar\/index.php\/wp-json\/"}],"wp:attachment":[{"href":"http:\/\/fmriachuelo.it10.com.ar\/index.php\/wp-json\/wp\/v2\/media?parent=3242"}],"wp:term":[{"taxonomy":"category","embeddable":true,"href":"http:\/\/fmriachuelo.it10.com.ar\/index.php\/wp-json\/wp\/v2\/categories?post=3242"},{"taxonomy":"post_tag","embeddable":true,"href":"http:\/\/fmriachuelo.it10.com.ar\/index.php\/wp-json\/wp\/v2\/tags?post=3242"}],"curies":[{"name":"wp","href":"https:\/\/api.w.org\/{rel}","templated":true}]}}