{"id":324,"date":"2015-06-23T22:48:00","date_gmt":"2015-06-23T22:48:00","guid":{"rendered":"http:\/\/fmriachuelo.observatorioess.org.ar\/index.php\/2015\/06\/23\/caba-educacion-abandonada\/"},"modified":"2025-04-07T15:11:58","modified_gmt":"2025-04-07T18:11:58","slug":"caba-educacion-abandonada","status":"publish","type":"post","link":"http:\/\/fmriachuelo.it10.com.ar\/index.php\/2015\/06\/23\/caba-educacion-abandonada\/","title":{"rendered":"CABA: EDUCACI\u00d3N ABANDONADA"},"content":{"rendered":"<p><span style=\"font-family: Verdana,sans-serif\"><span style=\"font-size: small\"><span style=\"color: red\"><b>ALUMNOS Y DOCENTES RESISTEN LAS POLITICAS EDUCATIVAS DEL GOBIERNO DE LA CIUDAD&nbsp; <\/b><\/span><\/span><\/span><br \/><span style=\"font-family: Verdana,sans-serif\"><span style=\"font-size: small\"><b>Ya son 13 las escuelas secundarias tomadas en la Capital Federal<\/b><\/span><\/span><br \/><span style=\"font-family: Verdana,sans-serif\"><\/span><\/p>\n<div align=\"left\" style=\"clear: both;text-align: center\"><span style=\"font-family: Verdana,sans-serif\"><span style=\"font-size: small\"><b><a href=\"http:\/\/1.bp.blogspot.com\/-caBMZ1gQ-W8\/VYnPAmLagmI\/AAAAAAAAE7E\/rBO7JTmUl84\/s1600\/tomas%2Bcolegios.jpg\" style=\"clear: left;float: left;margin-bottom: 1em;margin-right: 1em\"><img loading=\"lazy\" decoding=\"async\" border=\"0\" height=\"111\" src=\"http:\/\/1.bp.blogspot.com\/-caBMZ1gQ-W8\/VYnPAmLagmI\/AAAAAAAAE7E\/rBO7JTmUl84\/s200\/tomas%2Bcolegios.jpg\" width=\"200\" \/><\/a><\/b><\/span><\/span><\/div>\n<p><span style=\"font-family: Verdana,sans-serif\"><span style=\"font-size: small\"><b><\/b>Mientras tanto el Ministerio de Educaci\u00f3n de la CABA aprieta a los docentes y no se hace cargo de la responsabilidad frente al justo reclamo.<\/span><\/span><br \/><a name='more'><\/a><\/p>\n<div style=\"text-align: justify\"><span style=\"font-family: Verdana,sans-serif\"><span style=\"font-size: small\">Los alumnos a la vez sufren el maltrato al que los quiere acostumbrar este gobierno con sus pol\u00edticas educativas que&nbsp;en el d\u00eda de hoy no fueron recibidos por el ministro Bulrich.<\/span><\/span><\/div>\n<div style=\"text-align: justify\"><span style=\"font-family: Verdana,sans-serif\"><span style=\"font-size: small\">Trece escuelas medias de la Ciudad permanecen tomadas en rechazo a la aplicaci\u00f3n de la Nueva Secundaria (NESC), mientras los estudiantes del Nacional de Buenos Aires de la UBA analizan si se suman a la ocupaci\u00f3n de colegios. <br \/>Los estudiantes realizar\u00e1n ma\u00f1ana a las 15 un corte en avenida Callao y Corrientes, en el centro de la Ciudad confirm\u00f3 a Infobae Ignacio Mattos, de la Coordinadora de Estudiantes de Base (CEB), que lleva adelante la protesta. Reclaman mejoras edilicias, denuncian la subejecuci\u00f3n del presupuesto y se oponen al nuevo sistema educativo, que reduce de 140 a 13 las orientaciones de los secundarios, a la vez que \u00abbaja la calidad\u00bb de los t\u00edtulos, por la reducci\u00f3n de horas de especialidad. <br \/>A diez d\u00edas de iniciada la protesta permanecen ocupadas las escuelas&nbsp; Agust\u00edn Tosco de Villa Pueyrred\u00f3n; las art\u00edsticas Rogelio Yrurtia, A\u00edda Mastrazzi, Cer\u00e1mica 1 y Lola Mora; Mariano Acosta, Leng\u00fcitas (Spangenberg); Julio Cort\u00e1zar; Claudia Falcone, Lenguas Vivas y Mariano Moreno. Ayer se sum\u00f3 el Normal 8, ubicado en La Rioja 1042, barrio de San Crist\u00f3bal. \u00abHay superposici\u00f3n de turnos y secciones, cierres de divisiones y cese de cargos docentes o en calidad de contratados\u00bb, sostuvieron los estudiantes. <\/span><\/span><\/div>\n<div><span style=\"font-family: Verdana,sans-serif\"><span style=\"font-size: small\">Al mismo tiempo&nbsp;el GCBA deslinda responsabilidades y en una medida arbitraria dispone la convocatoria de docentes en vacaciones de invierno, seg\u00fan una disposici\u00f3n en vigencia. Esta obliga a presentarse a los docentes en otro establecimiento, no les da espacio para permanecer, solo tienen que ir a firmar la hora de ingreso y luego la hora de egreso. El tiempo entre esos dos horarios quedan en la calle y ademas los obliga a recuperar los d\u00edas en receso invernal. <\/span><\/span><\/div>\n<p><span style=\"font-family: Verdana,sans-serif\"><span style=\"font-size: small\">Se corre el rumor de que el gremio UTE-CTERA present\u00f3 un amparo por la convocatoria en receso de invierno.<br \/>Un grupo de docentes (autoridades y docentes) se reun\u00edan hoy a las 15 en el ministerio. Hubo asambleas de docentes y cortes en algunos colegios y algunos docentes se est\u00e1n autoconvocando. <\/span><\/span><br \/><span style=\"font-family: Verdana,sans-serif\"><span style=\"font-size: small\"><\/span><\/span><\/p>\n<div style=\"text-align: justify\"><span style=\"font-family: Verdana,sans-serif\"><span style=\"font-size: small\"><b>Maltrato macrista<\/b><br \/>El conflicto no es nuevo. Se inici\u00f3 en 2012 con la aprobaci\u00f3n de la NESC, cuya aplicaci\u00f3n fue postergada porque estudiantes y docentes resistieron con m\u00faltiples tomas. \u00abVolvemos a hacerlo ahora porque entendemos que estamos en un marco pol\u00edtico frente a las elecciones. Y esto genera un costo para el Gobierno porte\u00f1o. Por eso nos mandan a la polic\u00eda a patearnos las puertas y amenazar a los alumnos. Y lanzaron un 0800 para denunciar a los alumnos que protestan\u00bb, dijo Mattos.<br \/>\u00abLas tomas se enmarcan en un contexto de movilizaci\u00f3n estudiantil ante la decadencia que viene sufriendo la educaci\u00f3n p\u00fablica de la Capital Federal en los \u00faltimos a\u00f1os. Con ellas, los estudiantes esperamos respuestas del ministro de educaci\u00f3n, Esteban Bullrich, ya que d\u00eda a d\u00eda las escuelas de la Capital sufrimos los techos que se caen, las plagas o la falta de espacio. Adem\u00e1s, estamos sufriendo un recorte de materias con la aplicaci\u00f3n de la NES que apunta a vaciar la educaci\u00f3n\u00bb, sostuvo Luc\u00eda Cancela, secretaria general del Centro de Estudiantes del Lenguas Vivas. <br \/>La Coordinadora de Estudiantes de Base (CEB) se reunir\u00e1 hoy para definir acciones a seguir esta semana y la pr\u00f3xima. Fuentes estudiantiles dijeron a la agencia DyN que \u00abla idea es llegar a 20 escuelas tomadas entre fines de esta semana y comienzo de la pr\u00f3xima\u00bb y advirtieron que \u00abpor ahora las ocupaciones son por tiempo indeterminado\u00bb.<\/span><\/span><br \/><span style=\"font-family: Verdana,sans-serif\"><span style=\"font-size: small\">Tambi\u00e9n la CEB analizar\u00e1 ma\u00f1ana realizar una nueva marcha luego de la del 12 de junio, cuando empezaron las tomas y se movilizaron unos 4000 alumnos y docentes desde el ministerio de Educaci\u00f3n de Naci\u00f3n hasta el porte\u00f1o.<br \/>Esta ma\u00f1ana, el jefe de Gabinete porte\u00f1o, Horacio Rodr\u00edguez Larreta, se refiri\u00f3 al conflicto y rechaz\u00f3 el m\u00e9todo de protesta: \u00abNo creo que la toma sea el camino. Hay chicos que no est\u00e1n de acuerdo y se ven perjudicados por perder d\u00edas de clases\u00bb.<br \/>Larreta explic\u00f3 en di\u00e1logo con Radio Del Plata que la aplicaci\u00f3n de la NESC \u00abresponde al cumplimiento de una ley nacional y ellos lo saben\u00bb. Seg\u00fan el funcionario, los reclamos puntuales, \u00abmuchos de ellos con raz\u00f3n\u00bb, son atendidos por el Gobierno. \u00abSiempre hay cosas para mejorar. Pero hay que recuperar el di\u00e1logo\u00bb, manifest\u00f3. <br \/>Por \u00faltimo, el candidato a Jefe de Gobierno por la Ciudad dijo que \u00abEsteban Bullrich y todo el equipo de Educaci\u00f3n est\u00e1n dispuestos a mantener una reuni\u00f3n\u00bb. <\/span><\/span><\/div>\n<div><span style=\"font-family: Verdana,sans-serif\"><span style=\"color: #0b5394\"><span style=\"font-size: x-small\"><b>INFOBAE\/PRODUCCI\u00d3N RIACHUELO<\/b><\/span><\/span><\/span><\/div>\n","protected":false},"excerpt":{"rendered":"<p>ALUMNOS Y DOCENTES RESISTEN LAS POLITICAS EDUCATIVAS DEL GOBIERNO DE LA CIUDAD&nbsp; Ya son 13 las escuelas secundarias tomadas en la Capital Federal Mientras tanto el Ministerio de Educaci\u00f3n de la CABA aprieta a los docentes y no se hace cargo de la responsabilidad frente al justo reclamo. Los alumnos a la vez sufren el [&hellip;]<\/p>\n","protected":false},"author":4,"featured_media":0,"comment_status":"open","ping_status":"open","sticky":false,"template":"","format":"standard","meta":{"_monsterinsights_skip_tracking":false,"_monsterinsights_sitenote_active":false,"_monsterinsights_sitenote_note":"","_monsterinsights_sitenote_category":0,"jnews-multi-image_gallery":[],"jnews_single_post":{"format":"standard"},"jnews_primary_category":[],"_joinchat":[],"footnotes":""},"categories":[58],"tags":[81,101,147],"class_list":["post-324","post","type-post","status-publish","format-standard","hentry","category-noticiariachuelo","tag-aguafuertes-portenas","tag-educacion","tag-habitat"],"_links":{"self":[{"href":"http:\/\/fmriachuelo.it10.com.ar\/index.php\/wp-json\/wp\/v2\/posts\/324","targetHints":{"allow":["GET"]}}],"collection":[{"href":"http:\/\/fmriachuelo.it10.com.ar\/index.php\/wp-json\/wp\/v2\/posts"}],"about":[{"href":"http:\/\/fmriachuelo.it10.com.ar\/index.php\/wp-json\/wp\/v2\/types\/post"}],"author":[{"embeddable":true,"href":"http:\/\/fmriachuelo.it10.com.ar\/index.php\/wp-json\/wp\/v2\/users\/4"}],"replies":[{"embeddable":true,"href":"http:\/\/fmriachuelo.it10.com.ar\/index.php\/wp-json\/wp\/v2\/comments?post=324"}],"version-history":[{"count":1,"href":"http:\/\/fmriachuelo.it10.com.ar\/index.php\/wp-json\/wp\/v2\/posts\/324\/revisions"}],"predecessor-version":[{"id":23654,"href":"http:\/\/fmriachuelo.it10.com.ar\/index.php\/wp-json\/wp\/v2\/posts\/324\/revisions\/23654"}],"wp:attachment":[{"href":"http:\/\/fmriachuelo.it10.com.ar\/index.php\/wp-json\/wp\/v2\/media?parent=324"}],"wp:term":[{"taxonomy":"category","embeddable":true,"href":"http:\/\/fmriachuelo.it10.com.ar\/index.php\/wp-json\/wp\/v2\/categories?post=324"},{"taxonomy":"post_tag","embeddable":true,"href":"http:\/\/fmriachuelo.it10.com.ar\/index.php\/wp-json\/wp\/v2\/tags?post=324"}],"curies":[{"name":"wp","href":"https:\/\/api.w.org\/{rel}","templated":true}]}}