{"id":323,"date":"2015-06-24T02:35:00","date_gmt":"2015-06-24T02:35:00","guid":{"rendered":"http:\/\/fmriachuelo.observatorioess.org.ar\/index.php\/2015\/06\/24\/mariano-ferreyra-intentan-manipular-la-condena-de-los-responsables-de-su-asesinato\/"},"modified":"2025-04-07T15:14:24","modified_gmt":"2025-04-07T18:14:24","slug":"mariano-ferreyra-intentan-manipular-la-condena-de-los-responsables-de-su-asesinato","status":"publish","type":"post","link":"http:\/\/fmriachuelo.it10.com.ar\/index.php\/2015\/06\/24\/mariano-ferreyra-intentan-manipular-la-condena-de-los-responsables-de-su-asesinato\/","title":{"rendered":"MARIANO FERREYRA: INTENTAN  MANIPULAR LA CONDENA DE LOS RESPONSABLES DE SU ASESINATO"},"content":{"rendered":"<p><span style=\"font-size: large\"><span style=\"font-family: Verdana,sans-serif\"><span style=\"color: red\"><b>EN LA SEMANA DE LA MILITANCIA: UN CACHETAZO<\/b><\/span><\/span><\/span><br \/><b><span style=\"font-family: Verdana,sans-serif\">REVISAR\u00c1N LAS CONDENAS DE PEDRAZA Y SU PATOTA<\/span><\/b><\/p>\n<div style=\"clear: both;text-align: center\"><span style=\"font-size: small\"><span style=\"font-family: Verdana,sans-serif\"><a href=\"http:\/\/2.bp.blogspot.com\/-2ASWHHszr_c\/VYoV_J5SmKI\/AAAAAAAAE7c\/e4wC1mIkRsg\/s1600\/mariano.png\" style=\"clear: left;float: left;margin-bottom: 1em;margin-right: 1em\"><img loading=\"lazy\" decoding=\"async\" border=\"0\" height=\"100\" src=\"http:\/\/2.bp.blogspot.com\/-2ASWHHszr_c\/VYoV_J5SmKI\/AAAAAAAAE7c\/e4wC1mIkRsg\/s200\/mariano.png\" width=\"200\" \/><\/a><\/span><\/span><\/div>\n<div style=\"text-align: justify\"><span style=\"font-size: small\"><span style=\"font-family: Verdana,sans-serif\">En la semana de la militancia en donde recordamos a los militantes sociales Mart\u00edn Oso Cisneros, Maximiliano Kosteki y Dar\u00edo Santill\u00e1n, (25 y 26 de junio)&nbsp;asesinados por luchar por la dignidad del pueblo y cuyos responsables ideol\u00f3gicos a\u00fan no han sido juzgados, la revisi\u00f3n de las condenas de Pedraza y su patota es una afrenta a la propia administraci\u00f3n de justicia y para el pueblo.<\/span><\/span><br \/><a name='more'><\/a><\/div>\n<div style=\"text-align: justify\"><span style=\"font-size: small\"><span style=\"font-family: Verdana,sans-serif\"><\/span><\/span><\/div>\n<div style=\"text-align: justify\"><span style=\"font-size: small\"><span style=\"font-family: Verdana,sans-serif\">El pr\u00f3ximo jueves, la C\u00e1mara Federal de Casaci\u00f3n Penal revisar\u00e1 las condenas del ex l\u00edder de la Uni\u00f3n Ferroviaria, Jos\u00e9 Pedraza, y de los integrantes de la patota que el 20 de octubre de 2010 asesin\u00f3 a Mariano Ferreyra durante una protesta contra la tercerizaci\u00f3n laboral de los trabajadores de las concesionarias de los ferrocarriles. Los jueces Mariano Borinsky, Juan Gemignani y Liliana Catucci deber\u00e1n decidir si confirman, revocan o modifican las condenas impuestas en abril de 2013 por el Tribunal Oral en lo Criminal 21 (TOC21). Participaremos de la convocatoria que se realizar\u00e1 frente a Comodoro Py durante la audiencia, porque a la justicia se la empuja con organizaci\u00f3n.<\/span><\/span><\/div>\n<div style=\"text-align: justify\">\n<div style=\"text-align: justify\"><span style=\"font-size: small\"><span style=\"font-family: Verdana,sans-serif\">Pedraza y su n\u00famero dos,&nbsp;Juan Carlos \u201cGallego\u201d Fern\u00e1ndez, hab\u00edan recibido 15 a\u00f1os de prisi\u00f3n por ser los instigadores del ataque contra los manifestantes. En tanto que&nbsp;Cristian Favale, y Gabriel S\u00e1nchez recibieron 18 a\u00f1os de c\u00e1rcel como autores materiales del homicidio, al igual que Pablo Marcelo D\u00edaz. El fallo&nbsp;incluy\u00f3 penas de 11 a\u00f1os para los ferroviarios Jorge Daniel Gonz\u00e1lez y Salvador Pipit\u00f3, ocho a\u00f1os para Claudio Alcorcel y 10 a\u00f1os para los comisarios de la Polic\u00eda Federal Luis Mansilla y Jorge Ferreyra, por haber liberado la zona, no detener a la patota,&nbsp;ni recolectar las pruebas para la investigaci\u00f3n judicial.<\/span><\/span><\/div>\n<div style=\"text-align: justify\"><span style=\"font-family: Verdana,sans-serif\"><span style=\"font-size: x-small\"><span style=\"color: #0b5394\"><b>SEAMOS LIBRES\/PRODUCCI\u00d3N RIACHUELO<\/b><\/span><\/span><\/span><\/div>\n<\/div>\n","protected":false},"excerpt":{"rendered":"<p>EN LA SEMANA DE LA MILITANCIA: UN CACHETAZOREVISAR\u00c1N LAS CONDENAS DE PEDRAZA Y SU PATOTA En la semana de la militancia en donde recordamos a los militantes sociales Mart\u00edn Oso Cisneros, Maximiliano Kosteki y Dar\u00edo Santill\u00e1n, (25 y 26 de junio)&nbsp;asesinados por luchar por la dignidad del pueblo y cuyos responsables ideol\u00f3gicos a\u00fan no han [&hellip;]<\/p>\n","protected":false},"author":4,"featured_media":0,"comment_status":"open","ping_status":"open","sticky":false,"template":"","format":"standard","meta":{"_monsterinsights_skip_tracking":false,"_monsterinsights_sitenote_active":false,"_monsterinsights_sitenote_note":"","_monsterinsights_sitenote_category":0,"jnews-multi-image_gallery":[],"jnews_single_post":{"format":"standard"},"jnews_primary_category":[],"_joinchat":[],"footnotes":""},"categories":[58],"tags":[72],"class_list":["post-323","post","type-post","status-publish","format-standard","hentry","category-noticiariachuelo","tag-historia-de-la-lucha-de-los-pueblos"],"_links":{"self":[{"href":"http:\/\/fmriachuelo.it10.com.ar\/index.php\/wp-json\/wp\/v2\/posts\/323","targetHints":{"allow":["GET"]}}],"collection":[{"href":"http:\/\/fmriachuelo.it10.com.ar\/index.php\/wp-json\/wp\/v2\/posts"}],"about":[{"href":"http:\/\/fmriachuelo.it10.com.ar\/index.php\/wp-json\/wp\/v2\/types\/post"}],"author":[{"embeddable":true,"href":"http:\/\/fmriachuelo.it10.com.ar\/index.php\/wp-json\/wp\/v2\/users\/4"}],"replies":[{"embeddable":true,"href":"http:\/\/fmriachuelo.it10.com.ar\/index.php\/wp-json\/wp\/v2\/comments?post=323"}],"version-history":[{"count":1,"href":"http:\/\/fmriachuelo.it10.com.ar\/index.php\/wp-json\/wp\/v2\/posts\/323\/revisions"}],"predecessor-version":[{"id":23656,"href":"http:\/\/fmriachuelo.it10.com.ar\/index.php\/wp-json\/wp\/v2\/posts\/323\/revisions\/23656"}],"wp:attachment":[{"href":"http:\/\/fmriachuelo.it10.com.ar\/index.php\/wp-json\/wp\/v2\/media?parent=323"}],"wp:term":[{"taxonomy":"category","embeddable":true,"href":"http:\/\/fmriachuelo.it10.com.ar\/index.php\/wp-json\/wp\/v2\/categories?post=323"},{"taxonomy":"post_tag","embeddable":true,"href":"http:\/\/fmriachuelo.it10.com.ar\/index.php\/wp-json\/wp\/v2\/tags?post=323"}],"curies":[{"name":"wp","href":"https:\/\/api.w.org\/{rel}","templated":true}]}}