{"id":320,"date":"2015-06-25T23:30:00","date_gmt":"2015-06-25T23:30:00","guid":{"rendered":"http:\/\/fmriachuelo.observatorioess.org.ar\/index.php\/2015\/06\/25\/caba-estudiantes-movilizados-por-el-derecho-a-la-educacion-publica\/"},"modified":"2025-04-07T15:17:46","modified_gmt":"2025-04-07T18:17:46","slug":"caba-estudiantes-movilizados-por-el-derecho-a-la-educacion-publica","status":"publish","type":"post","link":"http:\/\/fmriachuelo.it10.com.ar\/index.php\/2015\/06\/25\/caba-estudiantes-movilizados-por-el-derecho-a-la-educacion-publica\/","title":{"rendered":"CABA: ESTUDIANTES MOVILIZADOS POR EL DERECHO A LA EDUCACI\u00d3N P\u00daBLICA"},"content":{"rendered":"<div style=\"text-align: left\"><span style=\"font-size: large\"><span style=\"font-family: Verdana,sans-serif\"><span style=\"color: red\"><b> ESTUDIANTES EN LUCHA<\/b><\/span><\/span><\/span><\/div>\n<div style=\"clear: both;text-align: left\"><span style=\"font-size: small\"><span style=\"font-family: Verdana,sans-serif\"><a href=\"http:\/\/2.bp.blogspot.com\/-1dSxcmWaZvE\/VYx76jP3kQI\/AAAAAAAAE8c\/3mVPacNDHF8\/s1600\/estudiantes1.png\" style=\"clear: left;float: left;margin-bottom: 1em;margin-right: 1em\"><img loading=\"lazy\" decoding=\"async\" border=\"0\" height=\"114\" src=\"http:\/\/2.bp.blogspot.com\/-1dSxcmWaZvE\/VYx76jP3kQI\/AAAAAAAAE8c\/3mVPacNDHF8\/s200\/estudiantes1.png\" width=\"200\" \/><\/a><\/span><\/span><\/div>\n<div style=\"text-align: left\"><span style=\"font-size: small\"><span style=\"font-family: Verdana,sans-serif\"><\/span><\/span><\/div>\n<div style=\"text-align: left\"><span style=\"font-size: small\"><span style=\"font-family: Verdana,sans-serif\"><b>[FMR Mi\u00e9rcoles 24\/6\/15]<\/b> Hoy por la tarde <b>centenares de estudiantes de diversas escuelas secundarias de la Ciudad<\/b> cortaron, alrededor de las 15 horas, la concurrida esquina porte\u00f1a de Callao y Corrientes<span style=\"font-size: small\"><span style=\"font-size: small\">.<\/span><\/span> <\/span><\/span><br \/><a name='more'><\/a><span style=\"font-size: small\"><span style=\"font-family: Verdana,sans-serif\">Gran cantidad de chicos y chicas con banderas de centros de estudiantes y pancartas con diversas consignas que iban desde insultos a la persona del Jefe de Gobierno y funcionarios hasta reivindicaciones concretas <b>como mayor presupuesto educativo, reformas edilicias y rechazo absoluto a los cambios en la curr\u00edcula implementados desde este a\u00f1o en el marco de la Nueva Escuela Secundaria \u2013 N.E.S. &#8211;<\/b>.<\/span><\/span><\/div>\n<div style=\"text-align: left\"><span style=\"font-size: small\"><span style=\"font-family: Verdana,sans-serif\">Los estudiantes ya ocuparon la totalidad de la bocacalle cortando totalmente ambas avenidas. Bombos, ritmo de murga, arengas y c\u00e1nticos dominaron la tarde. Consignas como <b>\u201cel Gobierno de la Ciudad destruye nuestra escuela secundaria\u201d, \u201creforma edilicia para todos los colegios\u201d <\/b>entre otras se escucharon a lo largo de la c\u00e9ntrica tarde.<\/span><\/span><\/div>\n<div style=\"text-align: left\"><span style=\"font-size: small\"><span style=\"font-family: Verdana,sans-serif\">Los reclamos no se limitaron al Gobierno de la Ciudad, se hicieron extensivos e incluyeron al Gobierno Nacional en la responsabilidad, as\u00ed lo marcaba <b>Ignacio Mattos del Centro de Estudiantes de la Escuela T\u00e9cnica N\u00b035<\/b>:<\/span><\/span><\/div>\n<div style=\"text-align: left\"><span style=\"font-size: small\"><span style=\"font-family: Verdana,sans-serif\"><a href=\"http:\/\/www.mediafire.com\/listen\/vcc4serleqqvqo1\/01-IGNACIO_MATTOS-AMBOS_GOBIERNOS_SON_RESPONSABLES.mp3\"><span style=\"color: blue\"><b>IGNACIO MATTOS &#8211; AMBOS GOBIERNO SON RESPONSABLES<\/b><\/span><\/a><\/span><\/span><\/div>\n<div style=\"text-align: left\"><span style=\"font-size: small\"><span style=\"font-family: Verdana,sans-serif\">Ignacio agreg\u00f3 tambi\u00e9n que en las protestas ya se hab\u00edan sumado algunas escuelas de la Provincia de Buenos Aires con problemas similares o mayores:<\/span><\/span><\/div>\n<div style=\"text-align: left\"><span style=\"font-size: small\"><span style=\"font-family: Verdana,sans-serif\"><a href=\"http:\/\/www.mediafire.com\/listen\/5r9cfbhucc9znpb\/02-IGNACIO_MATTOS-SE_SUMA_LA_PROVINCIA.mp3\"><b><span style=\"color: blue\">IGNACIO MATTOS &#8211; SE SUMA LA PROVINCIA<\/span><\/b><\/a><\/span><\/span><\/div>\n<div style=\"text-align: left\"><span style=\"font-size: small\"><span style=\"font-family: Verdana,sans-serif\">Por \u00faltimo explic\u00f3 en detalle como contin\u00faa el plan de lucha de los estudiantes secundarios:<\/span><\/span><\/div>\n<div style=\"text-align: left\"><span style=\"font-size: small\"><span style=\"font-family: Verdana,sans-serif\"><a href=\"http:\/\/www.mediafire.com\/listen\/63c40xewfpu3cq8\/03-IGNACIO_MATTOS-EL_PLAN_DE_LUCHA.mp3\"><b><span style=\"color: blue\">IGNACIO MATTOS &#8211; EL PLAN DE LUCHA<\/span><\/b><\/a><\/span><\/span><\/div>\n<div style=\"text-align: left\"><span style=\"font-size: small\"><span style=\"font-family: Verdana,sans-serif\">Luego de sostener el corte durante dos horas un grupo integrado, principalmente,&nbsp; por escuelas de arte march\u00f3 por la Avenida Callao hacia la Avenida C\u00f3rdoba y all\u00ed efectuaron un nuevo corte. Una hora m\u00e1s tarde, ya en el atardecer, confluyeron todos en la avenida C\u00f3rdoba esquina Callao hasta desmovilizar en forma absolutamente pac\u00edfica, como se desarroll\u00f3 toda la jornada de protesta. Durante este <b>trayecto Tom\u00e1s Nieto, vicepresidente del Centro de Estudiantes del Colegio N\u00b03 Mariano Moreno de Almagro<\/b>, realiz\u00f3 una descripci\u00f3n de los reclamos:<\/span><\/span><\/div>\n<div style=\"text-align: left\"><span style=\"font-size: small\"><span style=\"font-family: Verdana,sans-serif\"><a href=\"http:\/\/www.mediafire.com\/listen\/g42dv67r3zna8zk\/01_TOMAS_NIETO_-_QUE_PEDIMOS.mp3\"><b><span style=\"color: blue\">TOMAS NIETO &#8211; QUE PEDIMOS<\/span><\/b><\/a><\/span><\/span><\/div>\n<div style=\"clear: both;text-align: left\"><a href=\"http:\/\/4.bp.blogspot.com\/-3DAdk9v_xmY\/VYyOwXqPhWI\/AAAAAAAAE8s\/Ztg4T9OM844\/s1600\/EStudiant.png\" style=\"clear: left;float: left;margin-bottom: 1em;margin-right: 1em\"><img loading=\"lazy\" decoding=\"async\" border=\"0\" height=\"240\" src=\"http:\/\/4.bp.blogspot.com\/-3DAdk9v_xmY\/VYyOwXqPhWI\/AAAAAAAAE8s\/Ztg4T9OM844\/s320\/EStudiant.png\" width=\"320\" \/><\/a><span style=\"font-size: small\"><span style=\"font-family: Verdana,sans-serif\"><\/span><\/span><\/div>\n<div style=\"text-align: left\"><span style=\"font-size: small\"><span style=\"font-family: Verdana,sans-serif\">Entre las denuncias expresadas a viva voz por los estudiantes sonaba la <b>invisibilizaci\u00f3n de la lucha por parte de los medios de comunicaci\u00f3n m\u00e1s concentrados<\/b>, presentes en su mayor\u00eda, dejando entrever una cuasi complicidad con el ejecutivo porte\u00f1o y por otra parte <b>una persecuci\u00f3n pol\u00edtica expresada por situaciones confusas producidas en distintos colegios<\/b>. Nuevamente, Tom\u00e1s Nieto daba detalles sobre estas persecuciones:<\/span><\/span><\/div>\n<div style=\"text-align: left\"><span style=\"font-size: small\"><span style=\"font-family: Verdana,sans-serif\"><a href=\"http:\/\/www.mediafire.com\/listen\/m7kit95z5cym216\/02_TOMAS_NIETO_-HAY_PERSECUSION_POLITICA.mp3\"><b><span style=\"color: blue\">TOMAS NIETO . HAY PERSECUSI\u00d3N POL\u00cdTICA<\/span><\/b><\/a><\/span><\/span><\/div>\n<div style=\"text-align: left\"><span style=\"font-size: small\"><span style=\"font-family: Verdana,sans-serif\">Luego de m\u00e1s de cuatro horas de intensa protesta, corte y marcha los estudiantes se desconcentraron para continuar la lucha en los ya 14 establecimientos tomados en la Ciudad de Buenos Aires.<\/span><\/span><\/div>\n<div style=\"text-align: left\"><span style=\"font-size: small\"><span style=\"font-family: Verdana,sans-serif\"><br \/><\/span><\/span><\/div>\n<div style=\"text-align: left\"><span style=\"font-size: small\"><span style=\"font-family: Verdana,sans-serif\"><b>Marchar\u00e1n nuevamente el viernes desde el Palacio Pizurno hasta el Ministerio de Educaci\u00f3n porte\u00f1o.<\/b><\/span><\/span><\/div>\n<div style=\"text-align: left\"><span style=\"font-size: small\"><span style=\"font-family: Verdana,sans-serif\"><b><br \/><\/b><\/span><\/span><\/div>\n<div style=\"text-align: left\"><span style=\"font-size: small\"><span style=\"font-family: Verdana,sans-serif\"><b>La lucha sigue.<\/b><\/span><\/span><br \/><span style=\"font-size: small\"><span style=\"font-family: Verdana,sans-serif\"><b><span style=\"font-size: x-small\"><span style=\"color: #0b5394\">PRODUCCI\u00d3N RIACHUELO <\/span><\/span><\/b><\/span><\/span><\/div>\n<p><span style=\"font-size: small\"><span style=\"font-family: Verdana,sans-serif\"><\/span><\/span><\/p>\n","protected":false},"excerpt":{"rendered":"<p>ESTUDIANTES EN LUCHA [FMR Mi\u00e9rcoles 24\/6\/15] Hoy por la tarde centenares de estudiantes de diversas escuelas secundarias de la Ciudad cortaron, alrededor de las 15 horas, la concurrida esquina porte\u00f1a de Callao y Corrientes. Gran cantidad de chicos y chicas con banderas de centros de estudiantes y pancartas con diversas consignas que iban desde insultos [&hellip;]<\/p>\n","protected":false},"author":4,"featured_media":0,"comment_status":"open","ping_status":"open","sticky":false,"template":"","format":"standard","meta":{"_monsterinsights_skip_tracking":false,"_monsterinsights_sitenote_active":false,"_monsterinsights_sitenote_note":"","_monsterinsights_sitenote_category":0,"jnews-multi-image_gallery":[],"jnews_single_post":{"format":"standard"},"jnews_primary_category":[],"_joinchat":[],"footnotes":""},"categories":[58],"tags":[101,157],"class_list":["post-320","post","type-post","status-publish","format-standard","hentry","category-noticiariachuelo","tag-educacion","tag-nadie-se-salva-solo"],"_links":{"self":[{"href":"http:\/\/fmriachuelo.it10.com.ar\/index.php\/wp-json\/wp\/v2\/posts\/320","targetHints":{"allow":["GET"]}}],"collection":[{"href":"http:\/\/fmriachuelo.it10.com.ar\/index.php\/wp-json\/wp\/v2\/posts"}],"about":[{"href":"http:\/\/fmriachuelo.it10.com.ar\/index.php\/wp-json\/wp\/v2\/types\/post"}],"author":[{"embeddable":true,"href":"http:\/\/fmriachuelo.it10.com.ar\/index.php\/wp-json\/wp\/v2\/users\/4"}],"replies":[{"embeddable":true,"href":"http:\/\/fmriachuelo.it10.com.ar\/index.php\/wp-json\/wp\/v2\/comments?post=320"}],"version-history":[{"count":1,"href":"http:\/\/fmriachuelo.it10.com.ar\/index.php\/wp-json\/wp\/v2\/posts\/320\/revisions"}],"predecessor-version":[{"id":23660,"href":"http:\/\/fmriachuelo.it10.com.ar\/index.php\/wp-json\/wp\/v2\/posts\/320\/revisions\/23660"}],"wp:attachment":[{"href":"http:\/\/fmriachuelo.it10.com.ar\/index.php\/wp-json\/wp\/v2\/media?parent=320"}],"wp:term":[{"taxonomy":"category","embeddable":true,"href":"http:\/\/fmriachuelo.it10.com.ar\/index.php\/wp-json\/wp\/v2\/categories?post=320"},{"taxonomy":"post_tag","embeddable":true,"href":"http:\/\/fmriachuelo.it10.com.ar\/index.php\/wp-json\/wp\/v2\/tags?post=320"}],"curies":[{"name":"wp","href":"https:\/\/api.w.org\/{rel}","templated":true}]}}