{"id":319,"date":"2015-06-26T00:44:00","date_gmt":"2015-06-26T00:44:00","guid":{"rendered":"http:\/\/fmriachuelo.observatorioess.org.ar\/index.php\/2015\/06\/26\/ecuador-marcha-opositora-en-guayaquil\/"},"modified":"2025-04-07T15:18:29","modified_gmt":"2025-04-07T18:18:29","slug":"ecuador-marcha-opositora-en-guayaquil","status":"publish","type":"post","link":"http:\/\/fmriachuelo.it10.com.ar\/index.php\/2015\/06\/26\/ecuador-marcha-opositora-en-guayaquil\/","title":{"rendered":"ECUADOR: MARCHA OPOSITORA EN GUAYAQUIL"},"content":{"rendered":"<p><span style=\"font-size: large\"><span style=\"font-family: Verdana,sans-serif\"><span style=\"color: red\"><b>LOS PODEROSOS&nbsp;AL ACECHO<\/b><\/span><\/span><\/span><\/p>\n<div style=\"clear: both;text-align: center\"><span style=\"font-size: small\"><span style=\"font-family: Verdana,sans-serif\"><a href=\"http:\/\/4.bp.blogspot.com\/-_61oekvzOeE\/VYyfQDQOLsI\/AAAAAAAAE88\/f8cMO-A1ufg\/s1600\/ECUADOR.jpg\" style=\"clear: left;float: left;margin-bottom: 1em;margin-right: 1em\"><img loading=\"lazy\" decoding=\"async\" border=\"0\" height=\"100\" src=\"http:\/\/4.bp.blogspot.com\/-_61oekvzOeE\/VYyfQDQOLsI\/AAAAAAAAE88\/f8cMO-A1ufg\/s200\/ECUADOR.jpg\" width=\"200\" \/><\/a><\/span><\/span><\/div>\n<p><span style=\"font-size: small\"><span style=\"font-family: Verdana,sans-serif\">Nuevamente la derecha ecuatoriano march\u00f3<span style=\"font-size: small\"> <\/span>contra el presidente de Ecuador. Esta vez en Guayaquil lo que sucedi\u00f3 en el Domingo Negro, el 14 de junio \u00faltimo, los poderosos se manifiestan contra las medidas del presidente Correa que afectan a los que m\u00e1s tienen.<\/span><\/span><br \/><a name='more'><\/a><br \/><span style=\"font-size: small\"><span style=\"font-family: Verdana,sans-serif\">Desde las 14:30, miles de personas comenzaron a llenar los exteriores del Parque Centenario, en el centro de Guayaquil y a lo largo de la avenida 9 de Octubre.<br \/>Se concentraron para participar de la marcha convocada para este jueves 25 de junio por el alcalde de la ciudad, Jaime Nebot, en rechazo a pol\u00edticas del R\u00e9gimen de Rafael Correa, como el proyecto de Ley de Herencia y Plusval\u00eda.<\/span><\/span><br \/><span style=\"font-size: small\"><span style=\"font-family: Verdana,sans-serif\">Con un intenso sol y en medio de gritos como \u201c\u00a1Fuera Correa!\u201d Y \u201c\u00a1No m\u00e1s impuestos!\u201d, la mayor\u00eda de manifestantes se desplazaban en las ocho cuadras de la 9 de Octubre esperando a que el alcalde Nebot se sumara.<br \/>Las banderas de Guayaquil y los carteles con consignas de rechazo al incremento de impuestos resaltan entre los manifestantes. Entre los asistentes a esta convocatoria est\u00e1n actores pol\u00edticos del Partido Social Cristiano como Andr\u00e9s Roche y representantes gremiales, como el presidente de la C\u00e1mara de Comercio de Guayaquil, Pablo Arosemena.<br \/>\u201cEstamos aqu\u00ed para pedir que se retiren definitivamente los Proyectos de ley de Herencia y Plusval\u00eda. No creo que haya nada de malo en venir y pedir, expresarse libremente\u201d, se\u00f1al\u00f3 Arosemena. A\u00f1adi\u00f3 que no se ha roto el di\u00e1logo con el Gobierno en otros temas importantes para el sector empresarial, \u201cpero sobre estos dos impuestos no queda nada de qu\u00e9 hablar\u201d.<br \/>A estas horas, la mayor\u00eda de los almacenes de electrodom\u00e9sticos de la avenida 9 de Octubre est\u00e1n cerrados. Los comerciantes informales como Pedro Hidalgo, que vende banderas de Guayaquil y Ecuador, han aprovechado el momento. \u201cTraje 300 banderas, a\u00fan no llega Nebot y ya he vendido casi todas\u201d, cuenta.<br \/>En los balcones de los edificios como el del Consulado de M\u00f3naco se han colocado banderas de Guayaquil y pancartas con mensajes como \u201cMi trabajo es para mis hijos\u201d.<br \/>Otros grupos que se han sumado a esta marcha son la Federaci\u00f3n Nacional de Abogados de Ecuador y la Asociaci\u00f3n de Comerciantes del Mercado de las Cuatro Manzanas.<\/span><\/span><br \/><span style=\"font-size: small\"><span style=\"font-size: x-small\"><span style=\"color: #0b5394\"><b>NODAL\/PRODUCCI<\/b><\/span><\/span><span style=\"font-size: small\"><span style=\"font-size: x-small\"><span style=\"color: #0b5394\"><b>\u00d3N RIACHUELO<\/b><\/span><\/span><\/span><\/span><\/p>\n","protected":false},"excerpt":{"rendered":"<p>LOS PODEROSOS&nbsp;AL ACECHO Nuevamente la derecha ecuatoriano march\u00f3 contra el presidente de Ecuador. Esta vez en Guayaquil lo que sucedi\u00f3 en el Domingo Negro, el 14 de junio \u00faltimo, los poderosos se manifiestan contra las medidas del presidente Correa que afectan a los que m\u00e1s tienen.Desde las 14:30, miles de personas comenzaron a llenar los [&hellip;]<\/p>\n","protected":false},"author":4,"featured_media":0,"comment_status":"open","ping_status":"open","sticky":false,"template":"","format":"standard","meta":{"_monsterinsights_skip_tracking":false,"_monsterinsights_sitenote_active":false,"_monsterinsights_sitenote_note":"","_monsterinsights_sitenote_category":0,"jnews-multi-image_gallery":[],"jnews_single_post":{"format":"standard"},"jnews_primary_category":[],"_joinchat":[],"footnotes":""},"categories":[58],"tags":[70],"class_list":["post-319","post","type-post","status-publish","format-standard","hentry","category-noticiariachuelo","tag-de-la-patria-grande"],"_links":{"self":[{"href":"http:\/\/fmriachuelo.it10.com.ar\/index.php\/wp-json\/wp\/v2\/posts\/319","targetHints":{"allow":["GET"]}}],"collection":[{"href":"http:\/\/fmriachuelo.it10.com.ar\/index.php\/wp-json\/wp\/v2\/posts"}],"about":[{"href":"http:\/\/fmriachuelo.it10.com.ar\/index.php\/wp-json\/wp\/v2\/types\/post"}],"author":[{"embeddable":true,"href":"http:\/\/fmriachuelo.it10.com.ar\/index.php\/wp-json\/wp\/v2\/users\/4"}],"replies":[{"embeddable":true,"href":"http:\/\/fmriachuelo.it10.com.ar\/index.php\/wp-json\/wp\/v2\/comments?post=319"}],"version-history":[{"count":1,"href":"http:\/\/fmriachuelo.it10.com.ar\/index.php\/wp-json\/wp\/v2\/posts\/319\/revisions"}],"predecessor-version":[{"id":23661,"href":"http:\/\/fmriachuelo.it10.com.ar\/index.php\/wp-json\/wp\/v2\/posts\/319\/revisions\/23661"}],"wp:attachment":[{"href":"http:\/\/fmriachuelo.it10.com.ar\/index.php\/wp-json\/wp\/v2\/media?parent=319"}],"wp:term":[{"taxonomy":"category","embeddable":true,"href":"http:\/\/fmriachuelo.it10.com.ar\/index.php\/wp-json\/wp\/v2\/categories?post=319"},{"taxonomy":"post_tag","embeddable":true,"href":"http:\/\/fmriachuelo.it10.com.ar\/index.php\/wp-json\/wp\/v2\/tags?post=319"}],"curies":[{"name":"wp","href":"https:\/\/api.w.org\/{rel}","templated":true}]}}