{"id":3183,"date":"2016-11-19T02:52:40","date_gmt":"2016-11-19T02:52:40","guid":{"rendered":"http:\/\/fmriachuelo.com.ar\/ljkjklj\/?p=3183"},"modified":"2016-11-19T02:52:40","modified_gmt":"2016-11-19T02:52:40","slug":"emergenciasocialya-masiva-movilizacion-el-pueblo-tomo-la-ciudad","status":"publish","type":"post","link":"http:\/\/fmriachuelo.it10.com.ar\/index.php\/2016\/11\/19\/emergenciasocialya-masiva-movilizacion-el-pueblo-tomo-la-ciudad\/","title":{"rendered":"#EMERGENCIASOCIALYA MASIVA MOVILIZACI\u00d3N: EL PUEBLO TOM\u00d3 LA CIUDAD"},"content":{"rendered":"<div style=\"text-align: center\"><strong>LA GESTA DEL 18 DE NOVIEMBRE EN LA PLAZA DE LOS DOS CONGRESOS<\/strong><\/div>\n<div style=\"text-align: center\"><strong><span style=\"color: #ff0000\">EMERGENCIA SOCIAL Y LABORAL<\/span><\/strong><\/div>\n<p><strong><span id=\"yui_3_16_0_ym19_1_1478739590734_806166\">[FMR 18\/11\/16] Una multitudinaria presencia cubri\u00f3 esta tarde la plaza de los dos Congresos y sus inmediaciones. El motivo: reclamar la sanci\u00f3n, antes del 10 de diciembre, de la Ley de Emergencia Social, que contempla un salario complementario para el mill\u00f3n de trabajadores que se inventaron su trabajo.\u00a0La convocatoria fue realizada por la Confederaci\u00f3n de Trabajadores de la Econom\u00eda Popular (CTEP). En el transcurso de las semanas previas, y tras arduas negociaciones, fueron acordando el apoyo y la participaci\u00f3n de un amplio abanico de centrales obreras y organizaciones que van desde de la CGT, las 2 CTA hasta Barrios de Pie, la Corriente Clasista y Combativa (CCC), el Frente Popular Dar\u00edo Santill\u00e1n y la Federaci\u00f3n Agraria.\u00a0<\/span><\/strong><\/p>\n<p style=\"text-align: justify\">Podes ver nuestra:\u00a0FOTOGALER\u00cdA<\/p>\n<div id=\"yui_3_16_0_ym19_1_1478739590734_806179\">\n<p style=\"text-align: justify\">Los 200.000 trabajadores de las diversas procedencias superaron ampliamente las expectativas de los dirigentes y su complejo armado. Una vez m\u00e1s, como ya hab\u00eda sucedido en la Marcha de San Cayetano, el proceso de unidad de nuestro pueblo trabajador, que lucha y resiste contra el violento gobierno de Macri, se produce en la calle.<\/p>\n<\/p>\n<\/div>\n<div style=\"text-align: justify\">En el centro de esta escena, el trabajador que construye su propio trabajo. Fuera de todo privilegio, es un signo de estos tiempos: el capitalismo m\u00e1s voraz que nunca, ya no necesita de trabajadores para explotar. Son los tiempos de los excluidos\/desplazados. Sin trabajo y expulsados de nuestra tierra, de nuestros barrios.<\/div>\n<div style=\"text-align: justify\"><\/div>\n<div><img loading=\"lazy\" decoding=\"async\" class=\"wp-image-3247 size-large aligncenter\" src=\"http:\/\/fmriachuelo.com.ar\/ljkjklj\/wp-content\/uploads\/2016\/11\/2\u00b0-FOTO-2-1024x583.jpeg\" width=\"640\" height=\"364\" \/><\/div>\n<div style=\"text-align: justify\"><\/div>\n<div>\n<div style=\"text-align: justify\">\n<div id=\"yui_3_16_0_ym19_1_1478739590734_806252\"><span id=\"yui_3_16_0_ym19_1_1478739590734_806251\">Lo recogido de las distintas expresiones que entrevistamos como medio de la comunicaci\u00f3n popular apuntan a rescatar el valor de la movilizaci\u00f3n m\u00e1s all\u00e1 de la promulgaci\u00f3n de la ley. Las miles de almas presentes dan cuenta de la emergencia social y laboral a la que han empujado a nuestro pueblo los poderes econ\u00f3micos dominantes utilizando como punteros a una decadente clase pol\u00edtica, que s\u00f3lo piensa en su destino.<\/span><\/div>\n<\/div>\n<div style=\"text-align: justify\"><\/div>\n<div style=\"text-align: justify\">Las miles de voces no s\u00f3lo protestaron. Mostraron su valor real: ser el cincel de la construcci\u00f3n de un poder popular que con su participaci\u00f3n y protagonismo plesbicita cada acto de gobierno: verdadera oposici\u00f3n, resistencia al poder f\u00e1ctico.<\/div>\n<div style=\"text-align: justify\"><\/div>\n<\/div>\n<div style=\"text-align: justify\"><img loading=\"lazy\" decoding=\"async\" class=\"wp-image-3248 size-full aligncenter\" src=\"http:\/\/fmriachuelo.com.ar\/ljkjklj\/wp-content\/uploads\/2016\/11\/4\u00b0-PRENSA-CTEP-2.jpg\" width=\"600\" height=\"337\" \/><\/div>\n<div style=\"text-align: justify\"><\/div>\n<div style=\"text-align: justify\"><span id=\"yui_3_16_0_ym19_1_1478739590734_806305\">Lo vivido en la plaza de los dos Congresos marc\u00f3 una nueva jornada de lucha en la tradici\u00f3n de los piquetes de los 90. Es, adem\u00e1s, el germen de una nueva democracia. Solamente con el proceso electoral y el acceso de compa\u00f1eros, aislados de sus organizaciones, a instituciones ajenas no se combate esta feroz embestida.\u00a0La disputa es todos los d\u00edas, en cada territorio, construyendo participaci\u00f3n y protagonismo con el pueblo organizado.\u00a0<\/span><strong><span id=\"yui_3_16_0_ym19_1_1478739590734_806362\">Eso quiere decir, donde el pueblo se une y lucha en la calle.\u00a0<\/span><span id=\"yui_3_16_0_ym19_1_1478739590734_806366\">Como la gesta del 18 de noviembre en la Plaza de los dos Congresos.<\/span><\/strong><\/div>\n<div style=\"text-align: justify\"><\/div>\n<div style=\"text-align: justify\"><img loading=\"lazy\" decoding=\"async\" class=\"aligncenter wp-image-3249\" src=\"http:\/\/fmriachuelo.com.ar\/ljkjklj\/wp-content\/uploads\/2016\/11\/5\u00b0-FOTO-RESUMEN-2-300x169.jpg\" width=\"450\" height=\"253\" \/><\/div>\n<div><\/div>\n<div><\/div>\n","protected":false},"excerpt":{"rendered":"<p>LA GESTA DEL 18 DE NOVIEMBRE EN LA PLAZA DE LOS DOS CONGRESOS EMERGENCIA SOCIAL Y LABORAL [FMR 18\/11\/16] Una multitudinaria presencia cubri\u00f3 esta tarde la plaza de los dos Congresos y sus inmediaciones. El motivo: reclamar la sanci\u00f3n, antes del 10 de diciembre, de la Ley de Emergencia Social, que contempla un salario complementario [&hellip;]<\/p>\n","protected":false},"author":4,"featured_media":3246,"comment_status":"open","ping_status":"open","sticky":false,"template":"","format":"link","meta":{"_monsterinsights_skip_tracking":false,"_monsterinsights_sitenote_active":false,"_monsterinsights_sitenote_note":"","_monsterinsights_sitenote_category":0,"jnews-multi-image_gallery":[],"jnews_single_post":[],"jnews_primary_category":[],"_joinchat":[],"footnotes":""},"categories":[78,76,74,75],"tags":[],"class_list":["post-3183","post","type-post","status-publish","format-link","has-post-thumbnail","hentry","category-economia-popular","category-salud-comunitaria","category-san-cayetano","category-trabajo","post_format-post-format-link"],"_links":{"self":[{"href":"http:\/\/fmriachuelo.it10.com.ar\/index.php\/wp-json\/wp\/v2\/posts\/3183","targetHints":{"allow":["GET"]}}],"collection":[{"href":"http:\/\/fmriachuelo.it10.com.ar\/index.php\/wp-json\/wp\/v2\/posts"}],"about":[{"href":"http:\/\/fmriachuelo.it10.com.ar\/index.php\/wp-json\/wp\/v2\/types\/post"}],"author":[{"embeddable":true,"href":"http:\/\/fmriachuelo.it10.com.ar\/index.php\/wp-json\/wp\/v2\/users\/4"}],"replies":[{"embeddable":true,"href":"http:\/\/fmriachuelo.it10.com.ar\/index.php\/wp-json\/wp\/v2\/comments?post=3183"}],"version-history":[{"count":0,"href":"http:\/\/fmriachuelo.it10.com.ar\/index.php\/wp-json\/wp\/v2\/posts\/3183\/revisions"}],"wp:featuredmedia":[{"embeddable":true,"href":"http:\/\/fmriachuelo.it10.com.ar\/index.php\/wp-json\/"}],"wp:attachment":[{"href":"http:\/\/fmriachuelo.it10.com.ar\/index.php\/wp-json\/wp\/v2\/media?parent=3183"}],"wp:term":[{"taxonomy":"category","embeddable":true,"href":"http:\/\/fmriachuelo.it10.com.ar\/index.php\/wp-json\/wp\/v2\/categories?post=3183"},{"taxonomy":"post_tag","embeddable":true,"href":"http:\/\/fmriachuelo.it10.com.ar\/index.php\/wp-json\/wp\/v2\/tags?post=3183"}],"curies":[{"name":"wp","href":"https:\/\/api.w.org\/{rel}","templated":true}]}}