{"id":3175,"date":"2016-11-17T03:07:48","date_gmt":"2016-11-17T03:07:48","guid":{"rendered":"http:\/\/fmriachuelo.com.ar\/ljkjklj\/?p=3175"},"modified":"2016-11-17T03:07:48","modified_gmt":"2016-11-17T03:07:48","slug":"emergenciasocialya-conferencia-de-prensa-en-la-cgt","status":"publish","type":"post","link":"http:\/\/fmriachuelo.it10.com.ar\/index.php\/2016\/11\/17\/emergenciasocialya-conferencia-de-prensa-en-la-cgt\/","title":{"rendered":"#EMERGENCIASOCIALYA, CONFERENCIA DE PRENSA EN LA CGT"},"content":{"rendered":"<p style=\"text-align: justify\">[FMR 16\/11\/16] En la tarde de hoy la Confederaci\u00f3n de Trabajadores de la Econom\u00eda Popular, CTEP, junto a la Confederaci\u00f3n General de Trabajadores,\u00a0realizaron\u00a0una conferencia de prensa, en la sede Azopardo de la CGT, sobre la movilizaci\u00f3n del proximo viernes 18 de noviembre frente al Congreso Nacional. \u00a0All\u00ed los distintos referentes del conjunto de los trabajadores, en unidad, se expresaron sobre la necesidad de reconocimiento de una ley que declare la\u00a0<strong>#EmergenciaSocial y Laboral, \u00a0 <\/strong><\/p>\n<p style=\"text-align: justify\">Marcharan junto a los <strong>trabajadores de la econom\u00eda popular, organizaciones territoriales y movimientos populares<\/strong> junto a \u00a0las distintas expresiones gremiales que se nuclean en la <strong>CGT<\/strong>, que han comprometido enf\u00e1ticamente su presencia. Tambi\u00e9n, \u00a0a \u00faltima hora, \u00a0ha sumado su apoyo la Central de Trabajadores <strong>CTA<\/strong> Aut\u00f3noma, con la presencia de sus trabajadores.<\/p>\n","protected":false},"excerpt":{"rendered":"<p>[FMR 16\/11\/16] En la tarde de hoy la Confederaci\u00f3n de Trabajadores de la Econom\u00eda Popular, CTEP, junto a la Confederaci\u00f3n General de Trabajadores,\u00a0realizaron\u00a0una conferencia de prensa, en la sede Azopardo de la CGT, sobre la movilizaci\u00f3n del proximo viernes 18 de noviembre frente al Congreso Nacional. \u00a0All\u00ed los distintos referentes del conjunto de los trabajadores, [&hellip;]<\/p>\n","protected":false},"author":4,"featured_media":3177,"comment_status":"open","ping_status":"open","sticky":false,"template":"","format":"standard","meta":{"_monsterinsights_skip_tracking":false,"_monsterinsights_sitenote_active":false,"_monsterinsights_sitenote_note":"","_monsterinsights_sitenote_category":0,"jnews-multi-image_gallery":[],"jnews_single_post":[],"jnews_primary_category":[],"_joinchat":[],"footnotes":""},"categories":[75],"tags":[],"class_list":["post-3175","post","type-post","status-publish","format-standard","has-post-thumbnail","hentry","category-trabajo"],"_links":{"self":[{"href":"http:\/\/fmriachuelo.it10.com.ar\/index.php\/wp-json\/wp\/v2\/posts\/3175","targetHints":{"allow":["GET"]}}],"collection":[{"href":"http:\/\/fmriachuelo.it10.com.ar\/index.php\/wp-json\/wp\/v2\/posts"}],"about":[{"href":"http:\/\/fmriachuelo.it10.com.ar\/index.php\/wp-json\/wp\/v2\/types\/post"}],"author":[{"embeddable":true,"href":"http:\/\/fmriachuelo.it10.com.ar\/index.php\/wp-json\/wp\/v2\/users\/4"}],"replies":[{"embeddable":true,"href":"http:\/\/fmriachuelo.it10.com.ar\/index.php\/wp-json\/wp\/v2\/comments?post=3175"}],"version-history":[{"count":0,"href":"http:\/\/fmriachuelo.it10.com.ar\/index.php\/wp-json\/wp\/v2\/posts\/3175\/revisions"}],"wp:featuredmedia":[{"embeddable":true,"href":"http:\/\/fmriachuelo.it10.com.ar\/index.php\/wp-json\/"}],"wp:attachment":[{"href":"http:\/\/fmriachuelo.it10.com.ar\/index.php\/wp-json\/wp\/v2\/media?parent=3175"}],"wp:term":[{"taxonomy":"category","embeddable":true,"href":"http:\/\/fmriachuelo.it10.com.ar\/index.php\/wp-json\/wp\/v2\/categories?post=3175"},{"taxonomy":"post_tag","embeddable":true,"href":"http:\/\/fmriachuelo.it10.com.ar\/index.php\/wp-json\/wp\/v2\/tags?post=3175"}],"curies":[{"name":"wp","href":"https:\/\/api.w.org\/{rel}","templated":true}]}}