{"id":3168,"date":"2016-11-17T02:32:04","date_gmt":"2016-11-17T02:32:04","guid":{"rendered":"http:\/\/fmriachuelo.com.ar\/ljkjklj\/?p=3168"},"modified":"2016-11-17T02:32:04","modified_gmt":"2016-11-17T02:32:04","slug":"emergenciasocialya-diversas-expresiones-confluyen-hacia-la-movilizacion-del","status":"publish","type":"post","link":"http:\/\/fmriachuelo.it10.com.ar\/index.php\/2016\/11\/17\/emergenciasocialya-diversas-expresiones-confluyen-hacia-la-movilizacion-del\/","title":{"rendered":"#EMERGENCIASOCIALYA, DIVERSAS EXPRESIONES CONFLUYEN HACIA LA MOVILIZACI\u00d3N DEL"},"content":{"rendered":"<p style=\"text-align: justify\">[FMR 16\/11\/16] El proximo viernes 18 se realizar\u00e1 una masiva movilizaci\u00f3n de trabajadores convocados por la Confederaci\u00f3n de Trabajadores de la Econom\u00eda Popular, CTEP, frente al Congreso Nacional, en demanda de la ley que reconozca la <strong>Emergencia Social<\/strong>. Las diversas expresiones\u00a0gremiales del campo del trabajo se manifestar\u00e1n para exigir el reconocimiento de una situaci\u00f3n de\u00a0emergencia, que afecta al conjunto de los trabajadores y en particular a los trabajadores de la econom\u00eda popular.<\/p>\n<p style=\"text-align: justify\">En di\u00e1logo con <span style=\"color: #ff0000\"><strong>Fm Riachuelo<\/strong><\/span> se expresaron Marta Ferraro, de la Agrupaci\u00f3n De Frente, y Jorge Chiqui Falcone de Resistir y Luchar\u00a0representantes de organizaciones, \u00a0de trabajadores de la econom\u00eda popular, \u00a0que integran la corriente dentro de la CTEP,\u00a0<strong><span style=\"color: #000000\">Mesa Gremial 19 y 20.\u00a0<\/span><\/strong>\u00a0.<\/p>\n<p style=\"text-align: justify\">\n<p style=\"text-align: justify\">Ambos referentes coincidieron en expresar la importancia de la participaci\u00f3n en la movilizaci\u00f3n que reivindica la emergencia social para el conjunto de los trabajadores de la econom\u00eda popular, que no cuentan con un salario digno. <strong>Marta Ferraro<\/strong> relat\u00f3 que la participaci\u00f3n en la movilizaci\u00f3n fue decidida por consenso en la asamblea de los trabajadores. <strong>Jorge Chiqui Falcone<\/strong>, cont\u00f3 el fuerte trabajo que vienen realizando en zona norte del Gran Buenos Aires y en las zonas de la CABA: Barracas y La Boca, al mismo tiempo con estudiantes que han retomado una\u00a0tradici\u00f3n de lucha del sector.<\/p>\n<p style=\"text-align: justify\">Tambi\u00e9n, los dos referentes consultados, expresaron la necesidad conducir hacia la\u00a0regularizaci\u00f3n de la Confederaci\u00f3n de Trabajadores de la Econom\u00eda Popular, CTEP, por lo que integran la corriente Mesa Gremial 19 y 20.<\/p>\n","protected":false},"excerpt":{"rendered":"<p>[FMR 16\/11\/16] El proximo viernes 18 se realizar\u00e1 una masiva movilizaci\u00f3n de trabajadores convocados por la Confederaci\u00f3n de Trabajadores de la Econom\u00eda Popular, CTEP, frente al Congreso Nacional, en demanda de la ley que reconozca la Emergencia Social. Las diversas expresiones\u00a0gremiales del campo del trabajo se manifestar\u00e1n para exigir el reconocimiento de una situaci\u00f3n de\u00a0emergencia, [&hellip;]<\/p>\n","protected":false},"author":4,"featured_media":3171,"comment_status":"open","ping_status":"open","sticky":false,"template":"","format":"standard","meta":{"_monsterinsights_skip_tracking":false,"_monsterinsights_sitenote_active":false,"_monsterinsights_sitenote_note":"","_monsterinsights_sitenote_category":0,"jnews-multi-image_gallery":[],"jnews_single_post":[],"jnews_primary_category":[],"_joinchat":[],"footnotes":""},"categories":[76,75],"tags":[],"class_list":["post-3168","post","type-post","status-publish","format-standard","has-post-thumbnail","hentry","category-salud-comunitaria","category-trabajo"],"_links":{"self":[{"href":"http:\/\/fmriachuelo.it10.com.ar\/index.php\/wp-json\/wp\/v2\/posts\/3168","targetHints":{"allow":["GET"]}}],"collection":[{"href":"http:\/\/fmriachuelo.it10.com.ar\/index.php\/wp-json\/wp\/v2\/posts"}],"about":[{"href":"http:\/\/fmriachuelo.it10.com.ar\/index.php\/wp-json\/wp\/v2\/types\/post"}],"author":[{"embeddable":true,"href":"http:\/\/fmriachuelo.it10.com.ar\/index.php\/wp-json\/wp\/v2\/users\/4"}],"replies":[{"embeddable":true,"href":"http:\/\/fmriachuelo.it10.com.ar\/index.php\/wp-json\/wp\/v2\/comments?post=3168"}],"version-history":[{"count":0,"href":"http:\/\/fmriachuelo.it10.com.ar\/index.php\/wp-json\/wp\/v2\/posts\/3168\/revisions"}],"wp:featuredmedia":[{"embeddable":true,"href":"http:\/\/fmriachuelo.it10.com.ar\/index.php\/wp-json\/"}],"wp:attachment":[{"href":"http:\/\/fmriachuelo.it10.com.ar\/index.php\/wp-json\/wp\/v2\/media?parent=3168"}],"wp:term":[{"taxonomy":"category","embeddable":true,"href":"http:\/\/fmriachuelo.it10.com.ar\/index.php\/wp-json\/wp\/v2\/categories?post=3168"},{"taxonomy":"post_tag","embeddable":true,"href":"http:\/\/fmriachuelo.it10.com.ar\/index.php\/wp-json\/wp\/v2\/tags?post=3168"}],"curies":[{"name":"wp","href":"https:\/\/api.w.org\/{rel}","templated":true}]}}