{"id":3160,"date":"2016-11-16T15:55:21","date_gmt":"2016-11-16T15:55:21","guid":{"rendered":"http:\/\/fmriachuelo.com.ar\/ljkjklj\/?p=3160"},"modified":"2016-11-16T15:55:21","modified_gmt":"2016-11-16T15:55:21","slug":"lanzamiento-ente-ejecutor-ctep-avellaneda-lanus","status":"publish","type":"post","link":"http:\/\/fmriachuelo.it10.com.ar\/index.php\/2016\/11\/16\/lanzamiento-ente-ejecutor-ctep-avellaneda-lanus\/","title":{"rendered":"LANZAMIENTO ENTE EJECUTOR CTEP AVELLANEDA-LANUS"},"content":{"rendered":"<p style=\"text-align: justify\">[FMR 16\/11\/2016] Ayer por la ma\u00f1ana, en el aula magna del edificio Jos\u00e9 Hernandez de la Universidad Nacional de Lan\u00fas, se lanz\u00f3 el plan de trabajo del ente ejecutor de las cooperativas del Programa Argentina Trabaja de los distritos de Avellaneda y Lan\u00fas. La presentaci\u00f3n estuvo a cargo Juan Manuel Di Leo y Claudia Alitto, responsables del ente por parte de la CTEP, y cont\u00f3 con las intervenciones del Gringo Castro, secretario general de la CTEP, y de Lito Borello, referente de la Mesa Gremial 19 y 20 de la CTEP. A la presentaci\u00f3n asistieron m\u00e1s de 300 trabajadores nucleados en la CTEP y referentes de las organizaciones que participan del ente: el Movimiento Popular la Dignidad, el Frente de Desocupados Eva Per\u00f3n, el Movimiento Evita, Seamos Libres, el MTE, Patria Grande, los Misioneros de Francisco, y Pueblo Unido entre otros.<\/p>\n<p style=\"text-align: justify\">En sus intervenciones, tanto el Gringo como Borello, aprovecharon la oportunidad para referirse a la jornada de lucha que la CTEP, junto con la CGT, y otras organizaciones sociales y gremiales, est\u00e1n preparando este 18 de noviembre para exigir al Congreso la declaraci\u00f3n de la Emergencia Social y Laboral. \u00abSi el gobierno no resuelve un salario social para los trabajadores de la econom\u00eda popular estamos dispuestos a pasar Navidad y A\u00f1o Nuevo en Plaza de Mayo\u00bb, destac\u00f3 el Secretario General de la CTEP.<\/p>\n<p><img loading=\"lazy\" decoding=\"async\" class=\"wp-image-3163 size-full\" src=\"http:\/\/fmriachuelo.com.ar\/ljkjklj\/wp-content\/uploads\/2016\/11\/publico.jpg\" alt=\"????????????????????????????????????\" width=\"640\" height=\"427\" \/><\/p>\n<p style=\"text-align: justify\">Por su parte, Lito Borello, que se desempe\u00f1\u00f3 como Secretario de Vivienda de la CTEP y viene de la experiencia de lucha por el acceso a la vivienda en la CABA desde la organizaci\u00f3n Los Pibes, se encarg\u00f3 de se\u00f1alar que la jornada del 18 de noviembre tambi\u00e9n incluye en su agenda el reclamo para que avance la Ley Nacional de Producci\u00f3n Social Autogestionaria del Habitat Popular que garantice el acceso al habitat de los trabajadores de la econom\u00eda popular: \u00abcomo hace 20 a\u00f1os tuvimos que cortar rutas, hoy tenemos nuevamente la responsabilidad de tomar medidas de lucha que abran nuevos caminos para nuestro Pueblo\u00bb.<\/p>\n<p style=\"text-align: justify\">Al finalizar la actividad, FM Riachuelo tambi\u00e9n pudo conversar con Dar\u00edo Zaffal\u00f3n, referente del Frente de Desocupados Eva Per\u00f3n y de la CTEP Avellaneda quien destac\u00f3 que el ente \u00abfue una conquista de las organizaciones\u00bb y que desde su organizaci\u00f3n y la Mesa Gremial 19 y 20 se estaban preparando para movilizar con fuerza en la jornada del 18 noviembre.<\/p>\n","protected":false},"excerpt":{"rendered":"<p>[FMR 16\/11\/2016] Ayer por la ma\u00f1ana, en el aula magna del edificio Jos\u00e9 Hernandez de la Universidad Nacional de Lan\u00fas, se lanz\u00f3 el plan de trabajo del ente ejecutor de las cooperativas del Programa Argentina Trabaja de los distritos de Avellaneda y Lan\u00fas. La presentaci\u00f3n estuvo a cargo Juan Manuel Di Leo y Claudia Alitto, [&hellip;]<\/p>\n","protected":false},"author":4,"featured_media":3162,"comment_status":"open","ping_status":"open","sticky":false,"template":"","format":"standard","meta":{"_monsterinsights_skip_tracking":false,"_monsterinsights_sitenote_active":false,"_monsterinsights_sitenote_note":"","_monsterinsights_sitenote_category":0,"jnews-multi-image_gallery":[],"jnews_single_post":[],"jnews_primary_category":[],"_joinchat":[],"footnotes":""},"categories":[76,75],"tags":[],"class_list":["post-3160","post","type-post","status-publish","format-standard","has-post-thumbnail","hentry","category-salud-comunitaria","category-trabajo"],"_links":{"self":[{"href":"http:\/\/fmriachuelo.it10.com.ar\/index.php\/wp-json\/wp\/v2\/posts\/3160","targetHints":{"allow":["GET"]}}],"collection":[{"href":"http:\/\/fmriachuelo.it10.com.ar\/index.php\/wp-json\/wp\/v2\/posts"}],"about":[{"href":"http:\/\/fmriachuelo.it10.com.ar\/index.php\/wp-json\/wp\/v2\/types\/post"}],"author":[{"embeddable":true,"href":"http:\/\/fmriachuelo.it10.com.ar\/index.php\/wp-json\/wp\/v2\/users\/4"}],"replies":[{"embeddable":true,"href":"http:\/\/fmriachuelo.it10.com.ar\/index.php\/wp-json\/wp\/v2\/comments?post=3160"}],"version-history":[{"count":0,"href":"http:\/\/fmriachuelo.it10.com.ar\/index.php\/wp-json\/wp\/v2\/posts\/3160\/revisions"}],"wp:featuredmedia":[{"embeddable":true,"href":"http:\/\/fmriachuelo.it10.com.ar\/index.php\/wp-json\/"}],"wp:attachment":[{"href":"http:\/\/fmriachuelo.it10.com.ar\/index.php\/wp-json\/wp\/v2\/media?parent=3160"}],"wp:term":[{"taxonomy":"category","embeddable":true,"href":"http:\/\/fmriachuelo.it10.com.ar\/index.php\/wp-json\/wp\/v2\/categories?post=3160"},{"taxonomy":"post_tag","embeddable":true,"href":"http:\/\/fmriachuelo.it10.com.ar\/index.php\/wp-json\/wp\/v2\/tags?post=3160"}],"curies":[{"name":"wp","href":"https:\/\/api.w.org\/{rel}","templated":true}]}}