{"id":3156,"date":"2016-11-15T16:37:35","date_gmt":"2016-11-15T16:37:35","guid":{"rendered":"http:\/\/fmriachuelo.com.ar\/ljkjklj\/?p=3156"},"modified":"2016-11-15T16:37:35","modified_gmt":"2016-11-15T16:37:35","slug":"hacia-el-18-de-noviembre-movilizacion-por-la-emergencia-social","status":"publish","type":"post","link":"http:\/\/fmriachuelo.it10.com.ar\/index.php\/2016\/11\/15\/hacia-el-18-de-noviembre-movilizacion-por-la-emergencia-social\/","title":{"rendered":"#EMERGENCIASOCIALYA HACIA EL 18 DE NOVIEMBRE: MOVILIZACI\u00d3N POR LA EMERGENCIA SOCIAL"},"content":{"rendered":"<p>[FMR 15\/11\/2016] En la tarde de ayer, Romp\u00e9 el Cerco Informativo, convers\u00f3 con Lito Borello, Coordinador Nacional de la Organizaci\u00f3n Social y Pol\u00edtica Los Pibes y referente de la Mesa Gremial 19 y 20 de la Confederaci\u00f3n de Trabajadores de la Econom\u00eda Popular (CTEP). El tema de la entrevista fue la masiva movilizaci\u00f3n de los trabajadores de la econom\u00eda popular que este viernes 18 de noviembre, con la adhesi\u00f3n y participaci\u00f3n de amplios sectores del movimiento obrero organizado, acompa\u00f1ar\u00e1n la presentaci\u00f3n en el Congreso de la Ley de Emergencia Social.<\/p>\n<p>Junto con la Ley de Emergencia Social, las organizaciones sociales y sindicales apoyar\u00e1n tambi\u00e9n el avance de la Ley Nacional de Producci\u00f3n Social Autogestionaria del Habitat Popular que fue presentada el mes pasado en el contexto del D\u00eda Mundial del Habitat.<\/p>\n<p>Adem\u00e1s de la importancia de conquistar estas leyes que buscan reconocer mediante un salario social complementario el trabajo que realizan diariamente los trabajadores de la econom\u00eda popular y su derecho a acceder a la vivienda, \u00a0Borello insisti\u00f3 en la importancia de la jornada del 18 para seguir apuntalando el proceso de unidad que los sectores populares vienen demandando: \u00abestas jornadas de lucha hacen m\u00e1s sencillo el camino hacia la unidad que reclama nuestro Pueblo y que es urgente para parar esta embestida neoconservadora mundial, y que Macri expresa en nuestro pa\u00eds\u00bb.<\/p>\n","protected":false},"excerpt":{"rendered":"<p>[FMR 15\/11\/2016] En la tarde de ayer, Romp\u00e9 el Cerco Informativo, convers\u00f3 con Lito Borello, Coordinador Nacional de la Organizaci\u00f3n Social y Pol\u00edtica Los Pibes y referente de la Mesa Gremial 19 y 20 de la Confederaci\u00f3n de Trabajadores de la Econom\u00eda Popular (CTEP). El tema de la entrevista fue la masiva movilizaci\u00f3n de los [&hellip;]<\/p>\n","protected":false},"author":4,"featured_media":3158,"comment_status":"open","ping_status":"open","sticky":false,"template":"","format":"standard","meta":{"_monsterinsights_skip_tracking":false,"_monsterinsights_sitenote_active":false,"_monsterinsights_sitenote_note":"","_monsterinsights_sitenote_category":0,"jnews-multi-image_gallery":[],"jnews_single_post":[],"jnews_primary_category":[],"_joinchat":[],"footnotes":""},"categories":[75],"tags":[],"class_list":["post-3156","post","type-post","status-publish","format-standard","has-post-thumbnail","hentry","category-trabajo"],"_links":{"self":[{"href":"http:\/\/fmriachuelo.it10.com.ar\/index.php\/wp-json\/wp\/v2\/posts\/3156","targetHints":{"allow":["GET"]}}],"collection":[{"href":"http:\/\/fmriachuelo.it10.com.ar\/index.php\/wp-json\/wp\/v2\/posts"}],"about":[{"href":"http:\/\/fmriachuelo.it10.com.ar\/index.php\/wp-json\/wp\/v2\/types\/post"}],"author":[{"embeddable":true,"href":"http:\/\/fmriachuelo.it10.com.ar\/index.php\/wp-json\/wp\/v2\/users\/4"}],"replies":[{"embeddable":true,"href":"http:\/\/fmriachuelo.it10.com.ar\/index.php\/wp-json\/wp\/v2\/comments?post=3156"}],"version-history":[{"count":0,"href":"http:\/\/fmriachuelo.it10.com.ar\/index.php\/wp-json\/wp\/v2\/posts\/3156\/revisions"}],"wp:featuredmedia":[{"embeddable":true,"href":"http:\/\/fmriachuelo.it10.com.ar\/index.php\/wp-json\/"}],"wp:attachment":[{"href":"http:\/\/fmriachuelo.it10.com.ar\/index.php\/wp-json\/wp\/v2\/media?parent=3156"}],"wp:term":[{"taxonomy":"category","embeddable":true,"href":"http:\/\/fmriachuelo.it10.com.ar\/index.php\/wp-json\/wp\/v2\/categories?post=3156"},{"taxonomy":"post_tag","embeddable":true,"href":"http:\/\/fmriachuelo.it10.com.ar\/index.php\/wp-json\/wp\/v2\/tags?post=3156"}],"curies":[{"name":"wp","href":"https:\/\/api.w.org\/{rel}","templated":true}]}}