{"id":3146,"date":"2016-11-13T23:23:13","date_gmt":"2016-11-13T23:23:13","guid":{"rendered":"http:\/\/fmriachuelo.com.ar\/ljkjklj\/?p=3146"},"modified":"2016-11-13T23:23:13","modified_gmt":"2016-11-13T23:23:13","slug":"la-boca-ni-un-pibe-menos-contra-la-violencia-institucional","status":"publish","type":"post","link":"http:\/\/fmriachuelo.it10.com.ar\/index.php\/2016\/11\/13\/la-boca-ni-un-pibe-menos-contra-la-violencia-institucional\/","title":{"rendered":"LA BOCA: NI UN PIBE MENOS, CONTRA LA VIOLENCIA INSTITUCIONAL"},"content":{"rendered":"<p style=\"text-align: justify\">[FMR 13\/11\/16]Ayer por la tarde se realiz\u00f3 un Festival contra la Violencia Institucional, con la presencia\u00a0de vecinos, amigos, organizaciones territoriales y centros de estudiantes. En la intersecci\u00f3n de Palos y Pinz\u00f3n, se mont\u00f3 un escenario para manifestar el repudio a los hechos de violencia instituci\u00f3nal, con un festival donde distintas voces se hicieron escuchar.<\/p>\n<p style=\"text-align: justify\"><img loading=\"lazy\" decoding=\"async\" class=\"alignleft wp-image-3148 size-thumbnail\" src=\"http:\/\/fmriachuelo.com.ar\/ljkjklj\/wp-content\/uploads\/2016\/11\/15085566_1202901699765043_135753189033224236_n-150x150.jpg\" alt=\"15085566_1202901699765043_135753189033224236_n\" width=\"150\" height=\"150\" \/><\/p>\n<p style=\"text-align: justify\">Bajo\u00a0la consigna: <strong>Ni Un Pibe Menos<\/strong>, a dos a\u00f1os del asesinato de Nehuen Rodriguez y a un a\u00f1o del ataque a Lucas Cabello, \u00a0la convocatoria tuvo como objetivo repudiar la violencia institucional que a manos de la Polic\u00eda Metropolitana cotidianamente se vive en el barrio.<\/p>\n<p style=\"text-align: justify\"><img loading=\"lazy\" decoding=\"async\" class=\"size-medium wp-image-3149 aligncenter\" src=\"http:\/\/fmriachuelo.com.ar\/ljkjklj\/wp-content\/uploads\/2016\/11\/14922238_1703692083281696_3651864372926312410_n-300x212.jpg\" alt=\"14922238_1703692083281696_3651864372926312410_n\" width=\"300\" height=\"212\" \/><\/p>\n","protected":false},"excerpt":{"rendered":"<p>[FMR 13\/11\/16]Ayer por la tarde se realiz\u00f3 un Festival contra la Violencia Institucional, con la presencia\u00a0de vecinos, amigos, organizaciones territoriales y centros de estudiantes. En la intersecci\u00f3n de Palos y Pinz\u00f3n, se mont\u00f3 un escenario para manifestar el repudio a los hechos de violencia instituci\u00f3nal, con un festival donde distintas voces se hicieron escuchar. Bajo\u00a0la [&hellip;]<\/p>\n","protected":false},"author":4,"featured_media":3152,"comment_status":"open","ping_status":"open","sticky":false,"template":"","format":"standard","meta":{"_monsterinsights_skip_tracking":false,"_monsterinsights_sitenote_active":false,"_monsterinsights_sitenote_note":"","_monsterinsights_sitenote_category":0,"jnews-multi-image_gallery":[],"jnews_single_post":[],"jnews_primary_category":[],"_joinchat":[],"footnotes":""},"categories":[78,76],"tags":[],"class_list":["post-3146","post","type-post","status-publish","format-standard","has-post-thumbnail","hentry","category-economia-popular","category-salud-comunitaria"],"_links":{"self":[{"href":"http:\/\/fmriachuelo.it10.com.ar\/index.php\/wp-json\/wp\/v2\/posts\/3146","targetHints":{"allow":["GET"]}}],"collection":[{"href":"http:\/\/fmriachuelo.it10.com.ar\/index.php\/wp-json\/wp\/v2\/posts"}],"about":[{"href":"http:\/\/fmriachuelo.it10.com.ar\/index.php\/wp-json\/wp\/v2\/types\/post"}],"author":[{"embeddable":true,"href":"http:\/\/fmriachuelo.it10.com.ar\/index.php\/wp-json\/wp\/v2\/users\/4"}],"replies":[{"embeddable":true,"href":"http:\/\/fmriachuelo.it10.com.ar\/index.php\/wp-json\/wp\/v2\/comments?post=3146"}],"version-history":[{"count":0,"href":"http:\/\/fmriachuelo.it10.com.ar\/index.php\/wp-json\/wp\/v2\/posts\/3146\/revisions"}],"wp:featuredmedia":[{"embeddable":true,"href":"http:\/\/fmriachuelo.it10.com.ar\/index.php\/wp-json\/"}],"wp:attachment":[{"href":"http:\/\/fmriachuelo.it10.com.ar\/index.php\/wp-json\/wp\/v2\/media?parent=3146"}],"wp:term":[{"taxonomy":"category","embeddable":true,"href":"http:\/\/fmriachuelo.it10.com.ar\/index.php\/wp-json\/wp\/v2\/categories?post=3146"},{"taxonomy":"post_tag","embeddable":true,"href":"http:\/\/fmriachuelo.it10.com.ar\/index.php\/wp-json\/wp\/v2\/tags?post=3146"}],"curies":[{"name":"wp","href":"https:\/\/api.w.org\/{rel}","templated":true}]}}