{"id":314,"date":"2015-06-26T23:49:00","date_gmt":"2015-06-26T23:49:00","guid":{"rendered":"http:\/\/fmriachuelo.observatorioess.org.ar\/index.php\/2015\/06\/26\/ecuador-situacion-de-tension\/"},"modified":"2025-04-09T12:11:28","modified_gmt":"2025-04-09T15:11:28","slug":"ecuador-situacion-de-tension","status":"publish","type":"post","link":"http:\/\/fmriachuelo.it10.com.ar\/index.php\/2015\/06\/26\/ecuador-situacion-de-tension\/","title":{"rendered":"ECUADOR: SITUACI\u00d3N DE TENSI\u00d3N"},"content":{"rendered":"<p><span style=\"color: red\"><b><span style=\"font-family: Verdana,sans-serif\"><span style=\"font-size: large\">DEMOCRACIA AMENAZADA<\/span><br \/><span style=\"color: black\">CORREA LLAMA AL PUEBLO A LA CALLE EN CASO DE GOLPE DE ESTADO<\/span><\/span><\/b><\/span><a href=\"http:\/\/1.bp.blogspot.com\/-nU1LbJoL1Yk\/VY3kZ0yf8YI\/AAAAAAAAE-k\/rTONkKRAu2k\/s1600\/ECUADOR.png\" style=\"clear: left;float: left;margin-bottom: 1em;margin-right: 1em\"><img loading=\"lazy\" decoding=\"async\" border=\"0\" height=\"113\" src=\"http:\/\/1.bp.blogspot.com\/-nU1LbJoL1Yk\/VY3kZ0yf8YI\/AAAAAAAAE-k\/rTONkKRAu2k\/s200\/ECUADOR.png\" width=\"200\" \/><\/a><br \/><span style=\"font-family: Verdana,sans-serif\">El presidente de Ecuador, Rafael Correa, reiter\u00f3 que existe un golpe de Estado en marcha y llam\u00f3 al pueblo a defender los logros alcanzados de la Revoluci\u00f3n Ciudadana ante las acciones desestabilizadoras de la derecha.<\/span><span style=\"font-family: Verdana,sans-serif\"><span style=\"font-size: small\"><span style=\"font-weight: normal\"><\/span><\/span><\/span><br \/><a name='more'><\/a><br \/><span style=\"font-family: Verdana,sans-serif\"><span style=\"font-size: small\"><span style=\"font-weight: normal\">\u201cMuy atentos, hay un golpe en marcha. Muy atentos compa\u00f1eros, porque insisto, somos la inmensa mayor\u00eda pac\u00edfica, pero vamos a defender nuestra revoluci\u00f3n y en el momento que quieran tocar al Presidente o al Gobierno Nacional, todos a la calle, a defender lo logrado\u201d, dijo. <\/span><\/span><\/span><\/p>\n<div style=\"text-align: justify\"><span style=\"font-family: Verdana,sans-serif\"><span style=\"color: #0b5394\"><span style=\"font-size: x-small\"><b>TELESUR\/PRODUCCI\u00d3N RIACHUELO<\/b><\/span><\/span><\/span><\/div>\n","protected":false},"excerpt":{"rendered":"<p>DEMOCRACIA AMENAZADACORREA LLAMA AL PUEBLO A LA CALLE EN CASO DE GOLPE DE ESTADOEl presidente de Ecuador, Rafael Correa, reiter\u00f3 que existe un golpe de Estado en marcha y llam\u00f3 al pueblo a defender los logros alcanzados de la Revoluci\u00f3n Ciudadana ante las acciones desestabilizadoras de la derecha.\u201cMuy atentos, hay un golpe en marcha. Muy [&hellip;]<\/p>\n","protected":false},"author":4,"featured_media":0,"comment_status":"open","ping_status":"open","sticky":false,"template":"","format":"standard","meta":{"_monsterinsights_skip_tracking":false,"_monsterinsights_sitenote_active":false,"_monsterinsights_sitenote_note":"","_monsterinsights_sitenote_category":0,"jnews-multi-image_gallery":[],"jnews_single_post":{"format":"standard"},"jnews_primary_category":[],"_joinchat":[],"footnotes":""},"categories":[58],"tags":[70],"class_list":["post-314","post","type-post","status-publish","format-standard","hentry","category-noticiariachuelo","tag-de-la-patria-grande"],"_links":{"self":[{"href":"http:\/\/fmriachuelo.it10.com.ar\/index.php\/wp-json\/wp\/v2\/posts\/314","targetHints":{"allow":["GET"]}}],"collection":[{"href":"http:\/\/fmriachuelo.it10.com.ar\/index.php\/wp-json\/wp\/v2\/posts"}],"about":[{"href":"http:\/\/fmriachuelo.it10.com.ar\/index.php\/wp-json\/wp\/v2\/types\/post"}],"author":[{"embeddable":true,"href":"http:\/\/fmriachuelo.it10.com.ar\/index.php\/wp-json\/wp\/v2\/users\/4"}],"replies":[{"embeddable":true,"href":"http:\/\/fmriachuelo.it10.com.ar\/index.php\/wp-json\/wp\/v2\/comments?post=314"}],"version-history":[{"count":1,"href":"http:\/\/fmriachuelo.it10.com.ar\/index.php\/wp-json\/wp\/v2\/posts\/314\/revisions"}],"predecessor-version":[{"id":23666,"href":"http:\/\/fmriachuelo.it10.com.ar\/index.php\/wp-json\/wp\/v2\/posts\/314\/revisions\/23666"}],"wp:attachment":[{"href":"http:\/\/fmriachuelo.it10.com.ar\/index.php\/wp-json\/wp\/v2\/media?parent=314"}],"wp:term":[{"taxonomy":"category","embeddable":true,"href":"http:\/\/fmriachuelo.it10.com.ar\/index.php\/wp-json\/wp\/v2\/categories?post=314"},{"taxonomy":"post_tag","embeddable":true,"href":"http:\/\/fmriachuelo.it10.com.ar\/index.php\/wp-json\/wp\/v2\/tags?post=314"}],"curies":[{"name":"wp","href":"https:\/\/api.w.org\/{rel}","templated":true}]}}