{"id":3139,"date":"2016-11-11T12:58:20","date_gmt":"2016-11-11T12:58:20","guid":{"rendered":"http:\/\/fmriachuelo.com.ar\/ljkjklj\/?p=3139"},"modified":"2016-11-11T12:58:20","modified_gmt":"2016-11-11T12:58:20","slug":"paebyt-31-anos-de-educacion-inclusiva-maestros-con-corazon","status":"publish","type":"post","link":"http:\/\/fmriachuelo.it10.com.ar\/index.php\/2016\/11\/11\/paebyt-31-anos-de-educacion-inclusiva-maestros-con-corazon\/","title":{"rendered":"PAEByT: 31 A\u00d1OS DE EDUCACI\u00d3N INCLUSIVA, MAESTR@S DE CORAZ\u00d3N"},"content":{"rendered":"<p>[FMR 11\/11\/16] En la tarde de ayer se celebr\u00f3 un nuevo aniversario, 31\u00ba, de creaci\u00f3n del Programa de Alfetizaci\u00f3n, Educaci\u00f3n B\u00e1sica y Trabajo, PAEByT, en\u00a0el Centro Cultural Sur. \u00a0La actividad cont\u00f3 con una numerosa asistencia compuesta por la comunidad educativa, amigos, organizaciones populares, y representantes de Madres Linea Fundadora. \u00a0\u00a0La celebraci\u00f3n \u00a0incluy\u00f3 una feria de productos artesanales, una radio abierta y culmin\u00f3 con una Festipe\u00f1a.<\/p>\n<p><strong><span style=\"color: #ff0000\">Fm Riachuelo<\/span><\/strong> estuvo presente acompa\u00f1ando y realizando la cobertura, que se escucha a continuaci\u00f3n:<\/p>\n<p>&amp;;<\/p>\n<p>Nuestro reconocimiento a la gran labor y empe\u00f1o que diariamente ponen maestras y maestros para que la inclusi\u00f3n sea una realidad, para aquellas personas que no tuvieron la oportunidad de acceder al derecho a la educaci\u00f3n.<\/p>\n<p>&nbsp;<\/p>\n","protected":false},"excerpt":{"rendered":"<p>[FMR 11\/11\/16] En la tarde de ayer se celebr\u00f3 un nuevo aniversario, 31\u00ba, de creaci\u00f3n del Programa de Alfetizaci\u00f3n, Educaci\u00f3n B\u00e1sica y Trabajo, PAEByT, en\u00a0el Centro Cultural Sur. \u00a0La actividad cont\u00f3 con una numerosa asistencia compuesta por la comunidad educativa, amigos, organizaciones populares, y representantes de Madres Linea Fundadora. \u00a0\u00a0La celebraci\u00f3n \u00a0incluy\u00f3 una feria de [&hellip;]<\/p>\n","protected":false},"author":4,"featured_media":3140,"comment_status":"open","ping_status":"open","sticky":false,"template":"","format":"standard","meta":{"_monsterinsights_skip_tracking":false,"_monsterinsights_sitenote_active":false,"_monsterinsights_sitenote_note":"","_monsterinsights_sitenote_category":0,"jnews-multi-image_gallery":[],"jnews_single_post":[],"jnews_primary_category":[],"_joinchat":[],"footnotes":""},"categories":[78,77],"tags":[],"class_list":["post-3139","post","type-post","status-publish","format-standard","has-post-thumbnail","hentry","category-economia-popular","category-soberania"],"_links":{"self":[{"href":"http:\/\/fmriachuelo.it10.com.ar\/index.php\/wp-json\/wp\/v2\/posts\/3139","targetHints":{"allow":["GET"]}}],"collection":[{"href":"http:\/\/fmriachuelo.it10.com.ar\/index.php\/wp-json\/wp\/v2\/posts"}],"about":[{"href":"http:\/\/fmriachuelo.it10.com.ar\/index.php\/wp-json\/wp\/v2\/types\/post"}],"author":[{"embeddable":true,"href":"http:\/\/fmriachuelo.it10.com.ar\/index.php\/wp-json\/wp\/v2\/users\/4"}],"replies":[{"embeddable":true,"href":"http:\/\/fmriachuelo.it10.com.ar\/index.php\/wp-json\/wp\/v2\/comments?post=3139"}],"version-history":[{"count":0,"href":"http:\/\/fmriachuelo.it10.com.ar\/index.php\/wp-json\/wp\/v2\/posts\/3139\/revisions"}],"wp:featuredmedia":[{"embeddable":true,"href":"http:\/\/fmriachuelo.it10.com.ar\/index.php\/wp-json\/"}],"wp:attachment":[{"href":"http:\/\/fmriachuelo.it10.com.ar\/index.php\/wp-json\/wp\/v2\/media?parent=3139"}],"wp:term":[{"taxonomy":"category","embeddable":true,"href":"http:\/\/fmriachuelo.it10.com.ar\/index.php\/wp-json\/wp\/v2\/categories?post=3139"},{"taxonomy":"post_tag","embeddable":true,"href":"http:\/\/fmriachuelo.it10.com.ar\/index.php\/wp-json\/wp\/v2\/tags?post=3139"}],"curies":[{"name":"wp","href":"https:\/\/api.w.org\/{rel}","templated":true}]}}