{"id":3133,"date":"2016-11-06T15:25:37","date_gmt":"2016-11-06T15:25:37","guid":{"rendered":"http:\/\/fmriachuelo.com.ar\/ljkjklj\/?p=3133"},"modified":"2016-11-06T15:25:37","modified_gmt":"2016-11-06T15:25:37","slug":"viernes-de-mucha-lucha","status":"publish","type":"post","link":"http:\/\/fmriachuelo.it10.com.ar\/index.php\/2016\/11\/06\/viernes-de-mucha-lucha\/","title":{"rendered":"VIERNES DE MUCHA LUCHA"},"content":{"rendered":"<p style=\"text-align: justify\">[FMR 06\/11\/2016] Este viernes se realizaron varias medidas de lucha que siguen dando cuenta de la amplia resistencia que producen las medidas de ajuste del macrismo. Por un lado, la CTA Aut\u00f3noma junto con la CTA de los Trabajadores realizaron una masiva movilizaci\u00f3n a Plaza de Mayo. Por el otro, los peque\u00f1os productores y campesinos de la rama agraria de la Confederaci\u00f3n de Trabajadores de la Econom\u00eda Popular (CTEP) movilizaron al Ministerio de Agroindustria denunciando la emergencia econ\u00f3mica del sector y exigiendo pol\u00edticas p\u00fablicas para atender la situaci\u00f3n. Al finalizar el acto en Agroindustria, se sumaron a la movilizaci\u00f3n a la movilizaci\u00f3n de las CTA.<\/p>\n<p style=\"text-align: justify\">Romp\u00e9 el Cerco Informativo\u00a0convers\u00f3 con Lito Borello, Coordinador Nacional de la Org Los Pibes. El tema de la entrevista fue la cuesti\u00f3n de la unidad, como herramienta necesaria para que los pueblos puedan frenar el ajuste de Macri. Borello expres\u00f3 que, aunque se estaba avanzando, todav\u00eda era necesario mejorar las pr\u00e1cticas pol\u00edticas para fortalecer el proceso de unidad: \u00abnos gustar\u00eda un proceso de unidad m\u00e1s democr\u00e1tico,\u00a0todav\u00eda las conversaciones de los dirigentes se dan con muchas puertas cerradas sin la participaci\u00f3n de las bases que exigen la unidad\u00bb. Sobre el final de la nota, Lito Borello tambi\u00e9n convoc\u00f3 a la concentraci\u00f3n que la CTEP est\u00e1 impulsando para el 18\/11 en la Plaza de los Dos Congresos para llevar al parlamento todas las exigencias que el campo popular viene generando en el marco de la resistencia a las medidas de ajuste y represi\u00f3n del macrismo.<\/p>\n<p style=\"text-align: justify\">\n<p style=\"text-align: justify\">Adem\u00e1s, RCI\u00a0se comunic\u00f3 con Nahuel Levaggi, de la Uni\u00f3n de Trabajadores de la Tierra, parte de la rama agraria de la CTEP, que organiz\u00f3 una movilizaci\u00f3n desde Plaza de Mayo hasta el Ministerio de Agroindustria para reclamar medidas y pol\u00edticas p\u00fablicas para fortalecer al sector. A la caracterizaci\u00f3n del reclamo, Levaggi tambi\u00e9n sum\u00f3 una denuncia a las amenazas que vienen sufriendo por parte de mafias que, disfrazadas de sindicatos, extorsionan a los productores y amenazan a los referentes de la UTT.<\/p>\n","protected":false},"excerpt":{"rendered":"<p>[FMR 06\/11\/2016] Este viernes se realizaron varias medidas de lucha que siguen dando cuenta de la amplia resistencia que producen las medidas de ajuste del macrismo. Por un lado, la CTA Aut\u00f3noma junto con la CTA de los Trabajadores realizaron una masiva movilizaci\u00f3n a Plaza de Mayo. Por el otro, los peque\u00f1os productores y campesinos [&hellip;]<\/p>\n","protected":false},"author":4,"featured_media":3134,"comment_status":"open","ping_status":"open","sticky":false,"template":"","format":"standard","meta":{"_monsterinsights_skip_tracking":false,"_monsterinsights_sitenote_active":false,"_monsterinsights_sitenote_note":"","_monsterinsights_sitenote_category":0,"jnews-multi-image_gallery":[],"jnews_single_post":[],"jnews_primary_category":[],"_joinchat":[],"footnotes":""},"categories":[78,74,75],"tags":[],"class_list":["post-3133","post","type-post","status-publish","format-standard","has-post-thumbnail","hentry","category-economia-popular","category-san-cayetano","category-trabajo"],"_links":{"self":[{"href":"http:\/\/fmriachuelo.it10.com.ar\/index.php\/wp-json\/wp\/v2\/posts\/3133","targetHints":{"allow":["GET"]}}],"collection":[{"href":"http:\/\/fmriachuelo.it10.com.ar\/index.php\/wp-json\/wp\/v2\/posts"}],"about":[{"href":"http:\/\/fmriachuelo.it10.com.ar\/index.php\/wp-json\/wp\/v2\/types\/post"}],"author":[{"embeddable":true,"href":"http:\/\/fmriachuelo.it10.com.ar\/index.php\/wp-json\/wp\/v2\/users\/4"}],"replies":[{"embeddable":true,"href":"http:\/\/fmriachuelo.it10.com.ar\/index.php\/wp-json\/wp\/v2\/comments?post=3133"}],"version-history":[{"count":0,"href":"http:\/\/fmriachuelo.it10.com.ar\/index.php\/wp-json\/wp\/v2\/posts\/3133\/revisions"}],"wp:featuredmedia":[{"embeddable":true,"href":"http:\/\/fmriachuelo.it10.com.ar\/index.php\/wp-json\/"}],"wp:attachment":[{"href":"http:\/\/fmriachuelo.it10.com.ar\/index.php\/wp-json\/wp\/v2\/media?parent=3133"}],"wp:term":[{"taxonomy":"category","embeddable":true,"href":"http:\/\/fmriachuelo.it10.com.ar\/index.php\/wp-json\/wp\/v2\/categories?post=3133"},{"taxonomy":"post_tag","embeddable":true,"href":"http:\/\/fmriachuelo.it10.com.ar\/index.php\/wp-json\/wp\/v2\/tags?post=3133"}],"curies":[{"name":"wp","href":"https:\/\/api.w.org\/{rel}","templated":true}]}}