{"id":313,"date":"2015-06-27T00:10:00","date_gmt":"2015-06-27T00:10:00","guid":{"rendered":"http:\/\/fmriachuelo.observatorioess.org.ar\/index.php\/2015\/06\/27\/venezuela-elecciones-internas-del-psuv-2\/"},"modified":"2025-04-09T12:12:01","modified_gmt":"2025-04-09T15:12:01","slug":"venezuela-elecciones-internas-del-psuv-2","status":"publish","type":"post","link":"http:\/\/fmriachuelo.it10.com.ar\/index.php\/2015\/06\/27\/venezuela-elecciones-internas-del-psuv-2\/","title":{"rendered":"VENEZUELA: ELECCIONES INTERNAS DEL PSUV"},"content":{"rendered":"<div style=\"clear: both;text-align: center\"><span style=\"font-size: small\"><span style=\"font-family: Verdana,sans-serif\"><\/span><\/span><\/div>\n<div style=\"text-align: justify\"><span style=\"font-size: large\"><a href=\"http:\/\/4.bp.blogspot.com\/-Ub1r9KBZW6s\/VY3rjbylgLI\/AAAAAAAAE_A\/yZ5opR591E8\/s1600\/psuv_logo.jpg\" style=\"clear: left;float: left;margin-bottom: 1em;margin-right: 1em\"><img loading=\"lazy\" decoding=\"async\" border=\"0\" height=\"92\" src=\"http:\/\/4.bp.blogspot.com\/-Ub1r9KBZW6s\/VY3rjbylgLI\/AAAAAAAAE_A\/yZ5opR591E8\/s200\/psuv_logo.jpg\" width=\"200\" \/><\/a><\/span><span style=\"font-size: small\"><span style=\"font-family: Verdana,sans-serif\"><span style=\"color: red;font-size: large\"><b>TODOS A VOTAR<\/b><\/span><br \/>El  alcalde de Caracas invit\u00f3 a todas las personas mayores de 18 a\u00f1os, inscritos en el Registro Electoral, a asistir a las elecciones del pr\u00f3ximo 28 de junio. \u201cCualquiera puede votar sea o no sea militante del partido\u201d, expres\u00f3.<\/span><\/span><br \/><a name='more'><\/a><span style=\"font-size: small\"><span style=\"font-family: Verdana,sans-serif\">\u201cEste evento electoral se ha llevado hasta un nivel de democracia para que todos los sectores que sienten la Patria, que siente la venezolanidad, que sienten el deseo de continuar construyendo un pa\u00eds que se merezcan nuestras hijas y nuestros hijos, se vean reflejados en esa gran alianza que significa el proceso electoral del pr\u00f3ximo domingo\u201d, afirm\u00f3.<\/span><\/span><br \/><span style=\"font-size: small\"><span style=\"font-family: Verdana,sans-serif\">Inform\u00f3 que los horarios de los centros de votaciones ser\u00e1n de 8:00 am a 6:00 pm, pero hizo hincapi\u00e9 en que si en alg\u00fan centro de votaci\u00f3n hay personas pasada la hora del cierre, las mesas seguir\u00e1n abiertas.<br \/>Rodr\u00edguez tambi\u00e9n coment\u00f3 que el PSUV tiene adelantadas las conversaciones con los partidos que componen el Gran Polo Patri\u00f3tico de cara a las parlamentarias el 6 de diciembre.<br \/>Invit\u00f3 a los venezolanos para que hagan una evaluaci\u00f3n del comportamiento de los diputados de la MUD. \u201cComo dice la Biblia, por sus obras los conocer\u00e9is; ellos (opositores) votaron en contra de las propuestas que el presidente Maduro present\u00f3 para mejorar toda la sociedad venezolana; votaron en contra de los cr\u00e9ditos adicionales para aprobar las pensiones de nuestros viejitos; ellos estaban acostumbrados a echarle gas, echarle la ballena a los viejitos que protestaban en la avenida Baralt\u201d, record\u00f3.<br \/>Miembro de la direcci\u00f3n nacional del Partido Socialista Unido de Venezuela (PSUV), y jefe de campa\u00f1a Coraz\u00f3n de La Patria, Jorge Rodr\u00edguez, afirm\u00f3 que es primera vez que un partido ejerza la democracia de manera tan profunda como lo ha hecho el PSUV, en referencia a las elecciones primarias que se realizar\u00e1n el pr\u00f3ximo 28 de junio.<\/span><\/span><br \/><span style=\"font-size: small\"><span style=\"font-family: Verdana,sans-serif\"><\/span><\/span><br \/><span style=\"color: #0b5394\"><span style=\"font-family: Verdana,sans-serif\"><span style=\"font-size: x-small\"><b>NODAL &#8211; PSUV<span style=\"font-size: x-small\">\/<\/span>PRODUCCI\u00d3N RIACHUELO<\/b><\/span><\/span><\/span><\/div>\n","protected":false},"excerpt":{"rendered":"<p>TODOS A VOTAREl alcalde de Caracas invit\u00f3 a todas las personas mayores de 18 a\u00f1os, inscritos en el Registro Electoral, a asistir a las elecciones del pr\u00f3ximo 28 de junio. \u201cCualquiera puede votar sea o no sea militante del partido\u201d, expres\u00f3.\u201cEste evento electoral se ha llevado hasta un nivel de democracia para que todos los [&hellip;]<\/p>\n","protected":false},"author":4,"featured_media":0,"comment_status":"open","ping_status":"open","sticky":false,"template":"","format":"standard","meta":{"_monsterinsights_skip_tracking":false,"_monsterinsights_sitenote_active":false,"_monsterinsights_sitenote_note":"","_monsterinsights_sitenote_category":0,"jnews-multi-image_gallery":[],"jnews_single_post":{"format":"standard"},"jnews_primary_category":[],"_joinchat":[],"footnotes":""},"categories":[58],"tags":[70],"class_list":["post-313","post","type-post","status-publish","format-standard","hentry","category-noticiariachuelo","tag-de-la-patria-grande"],"_links":{"self":[{"href":"http:\/\/fmriachuelo.it10.com.ar\/index.php\/wp-json\/wp\/v2\/posts\/313","targetHints":{"allow":["GET"]}}],"collection":[{"href":"http:\/\/fmriachuelo.it10.com.ar\/index.php\/wp-json\/wp\/v2\/posts"}],"about":[{"href":"http:\/\/fmriachuelo.it10.com.ar\/index.php\/wp-json\/wp\/v2\/types\/post"}],"author":[{"embeddable":true,"href":"http:\/\/fmriachuelo.it10.com.ar\/index.php\/wp-json\/wp\/v2\/users\/4"}],"replies":[{"embeddable":true,"href":"http:\/\/fmriachuelo.it10.com.ar\/index.php\/wp-json\/wp\/v2\/comments?post=313"}],"version-history":[{"count":1,"href":"http:\/\/fmriachuelo.it10.com.ar\/index.php\/wp-json\/wp\/v2\/posts\/313\/revisions"}],"predecessor-version":[{"id":23667,"href":"http:\/\/fmriachuelo.it10.com.ar\/index.php\/wp-json\/wp\/v2\/posts\/313\/revisions\/23667"}],"wp:attachment":[{"href":"http:\/\/fmriachuelo.it10.com.ar\/index.php\/wp-json\/wp\/v2\/media?parent=313"}],"wp:term":[{"taxonomy":"category","embeddable":true,"href":"http:\/\/fmriachuelo.it10.com.ar\/index.php\/wp-json\/wp\/v2\/categories?post=313"},{"taxonomy":"post_tag","embeddable":true,"href":"http:\/\/fmriachuelo.it10.com.ar\/index.php\/wp-json\/wp\/v2\/tags?post=313"}],"curies":[{"name":"wp","href":"https:\/\/api.w.org\/{rel}","templated":true}]}}