{"id":3119,"date":"2016-11-03T14:16:44","date_gmt":"2016-11-03T14:16:44","guid":{"rendered":"http:\/\/fmriachuelo.com.ar\/ljkjklj\/?p=3119"},"modified":"2016-11-03T14:16:44","modified_gmt":"2016-11-03T14:16:44","slug":"argentina-onu-exige-liberacion-contra-la-detencion-arbitraria-de-milagro-sala","status":"publish","type":"post","link":"http:\/\/fmriachuelo.it10.com.ar\/index.php\/2016\/11\/03\/argentina-onu-exige-liberacion-contra-la-detencion-arbitraria-de-milagro-sala\/","title":{"rendered":"ARGENTINA: ONU EXIGE LIBERACI\u00d3N, CONTRA LA DETENCI\u00d3N ARBITRARIA DE MILAGRO SALA"},"content":{"rendered":"<div class=\"m_902296251077076185col-620 m_902296251077076185cont\">\n<div class=\"m_902296251077076185vworldtop m_902296251077076185cont\">\n<div class=\"m_902296251077076185capworldtop\">\n<div class=\"m_902296251077076185caplw\">\n<div class=\"m_902296251077076185capdate\" style=\"text-align: justify\">[Resumen Latinoamericano, 03\/11\/16] El Grupo de Trabajo sobre la Detenci\u00f3n Arbitraria de la ONU dio seis meses al Gobierno argentino para liberar e indemnizar a Milagro Sala.<\/div>\n<div class=\"m_902296251077076185capdate\" style=\"text-align: justify\"><\/div>\n<\/div>\n<\/div>\n<\/div>\n<\/div>\n<div class=\"m_902296251077076185col-six\">\n<div class=\"m_902296251077076185cont m_902296251077076185bordercountry\">\n<div class=\"m_902296251077076185dest m_902296251077076185cont\">\n<div id=\"m_902296251077076185div-gpt-ad-1472165573407-0\" style=\"text-align: justify\">El Grupo de Trabajo sobre la Detenci\u00f3n Arbitraria de la Organizaci\u00f3n de Naciones Unidas (ONU) pidi\u00f3 a Argentina liberar de inmediato a la diputada del Parlasur, Milagro Sala, detenida arbitrariamente desde enero, y otorgarle una reparaci\u00f3n.<\/div>\n<div class=\"m_902296251077076185txt_newworld\">\n<p style=\"text-align: justify\">En un documento, el Grupo de Trabajo recuerda al Gobierno argentino que las v\u00edctimas de una detenci\u00f3n arbitraria tienen \u201cel derecho a buscar y obtener reparaciones del Estado\u201d. Esto incluye la restituci\u00f3n, compensaci\u00f3n, rehabilitaci\u00f3n, satisfacci\u00f3n y garant\u00edas de no repetici\u00f3n, de acuerdo a expertos independientes.<\/p>\n<div><\/div>\n<p>El texto tambi\u00e9n exige al Gobierno de Mauricio Macri que en seis meses informe si <a href=\"http:\/\/www.telesurtv.net\/news\/Quien-es-Milagro-Sala-20160116-0042.html\" target=\"_blank\" rel=\"noopener\">Milagro Sala<\/a> fue liberada, si le fue otorgada una indemnizaci\u00f3n o compensaci\u00f3n y si se realiz\u00f3 alguna investigaci\u00f3n sobre la violaci\u00f3n de los derechos humanos de la diputada.<\/p>\n<p>Otra solicitud del Grupo de Trabajo es que Argentina informe si se modificaron leyes o se cambiaron pr\u00e1cticas para armonizar la legislaci\u00f3n de ese pa\u00eds con las obligaciones internacionales.<\/p>\n<p>El\u00a028 de octubre, la ONU pidi\u00f3 al Gobierno de Argentina la <a href=\"http:\/\/www.telesurtv.net\/news\/ONU-pide-la-liberacion-inmediata-de-Milagro-Sala-20161028-0026.html\" target=\"_blank\" rel=\"noopener\">liberaci\u00f3n inmediata de Milagro Sala<\/a> por considerarla arbitraria y sin razones para ameritar prisi\u00f3n preventiva.<\/p>\n<p>Milagro Sala es dirigente de la Organizaci\u00f3n Tupac Amaru, diputada del Parlasur y <a href=\"http:\/\/www.telesurtv.net\/news\/No-me-arrepiento-de-ser-peronista-ni-kirchnerista-dijo-Sala-20160903-0026.html\" target=\"_blank\" rel=\"noopener\">luchadora social<\/a>.<\/p>\n<p>El 3 de agosto, Sala cumpli\u00f3 200 d\u00edas presa de forma \u201cpreventiva\u201d acusada de fraude al Estado, asociaci\u00f3n il\u00edcita y extorsi\u00f3n en varias causas judiciales.<\/p>\n<p>Una de esas causas investiga si la dirigente se qued\u00f3 con 29 millones de pesos (2,1 millones de d\u00f3lares) destinados a la construcci\u00f3n de viviendas sociales que deb\u00eda realizar la Tupac Amaru. Sin embargo, el motivo de su encarcelamiento fue por una acci\u00f3n de protesta: el acampe en Plaza Belgrano ante la negativa de di\u00e1logo del gobernador de la provincia de Jujuy, Gerardo Morales.<\/p>\n<p>&nbsp;<\/p>\n<p>&nbsp;<\/p>\n<\/div>\n<\/div>\n<\/div>\n<\/div>\n","protected":false},"excerpt":{"rendered":"<p>[Resumen Latinoamericano, 03\/11\/16] El Grupo de Trabajo sobre la Detenci\u00f3n Arbitraria de la ONU dio seis meses al Gobierno argentino para liberar e indemnizar a Milagro Sala. El Grupo de Trabajo sobre la Detenci\u00f3n Arbitraria de la Organizaci\u00f3n de Naciones Unidas (ONU) pidi\u00f3 a Argentina liberar de inmediato a la diputada del Parlasur, Milagro Sala, [&hellip;]<\/p>\n","protected":false},"author":4,"featured_media":3120,"comment_status":"open","ping_status":"open","sticky":false,"template":"","format":"standard","meta":{"_monsterinsights_skip_tracking":false,"_monsterinsights_sitenote_active":false,"_monsterinsights_sitenote_note":"","_monsterinsights_sitenote_category":0,"jnews-multi-image_gallery":[],"jnews_single_post":[],"jnews_primary_category":[],"_joinchat":[],"footnotes":""},"categories":[76],"tags":[],"class_list":["post-3119","post","type-post","status-publish","format-standard","has-post-thumbnail","hentry","category-salud-comunitaria"],"_links":{"self":[{"href":"http:\/\/fmriachuelo.it10.com.ar\/index.php\/wp-json\/wp\/v2\/posts\/3119","targetHints":{"allow":["GET"]}}],"collection":[{"href":"http:\/\/fmriachuelo.it10.com.ar\/index.php\/wp-json\/wp\/v2\/posts"}],"about":[{"href":"http:\/\/fmriachuelo.it10.com.ar\/index.php\/wp-json\/wp\/v2\/types\/post"}],"author":[{"embeddable":true,"href":"http:\/\/fmriachuelo.it10.com.ar\/index.php\/wp-json\/wp\/v2\/users\/4"}],"replies":[{"embeddable":true,"href":"http:\/\/fmriachuelo.it10.com.ar\/index.php\/wp-json\/wp\/v2\/comments?post=3119"}],"version-history":[{"count":0,"href":"http:\/\/fmriachuelo.it10.com.ar\/index.php\/wp-json\/wp\/v2\/posts\/3119\/revisions"}],"wp:featuredmedia":[{"embeddable":true,"href":"http:\/\/fmriachuelo.it10.com.ar\/index.php\/wp-json\/"}],"wp:attachment":[{"href":"http:\/\/fmriachuelo.it10.com.ar\/index.php\/wp-json\/wp\/v2\/media?parent=3119"}],"wp:term":[{"taxonomy":"category","embeddable":true,"href":"http:\/\/fmriachuelo.it10.com.ar\/index.php\/wp-json\/wp\/v2\/categories?post=3119"},{"taxonomy":"post_tag","embeddable":true,"href":"http:\/\/fmriachuelo.it10.com.ar\/index.php\/wp-json\/wp\/v2\/tags?post=3119"}],"curies":[{"name":"wp","href":"https:\/\/api.w.org\/{rel}","templated":true}]}}