{"id":3113,"date":"2016-11-01T14:19:18","date_gmt":"2016-11-01T14:19:18","guid":{"rendered":"http:\/\/fmriachuelo.com.ar\/ljkjklj\/?p=3113"},"modified":"2016-11-01T14:19:18","modified_gmt":"2016-11-01T14:19:18","slug":"3113","status":"publish","type":"post","link":"http:\/\/fmriachuelo.it10.com.ar\/index.php\/2016\/11\/01\/3113\/","title":{"rendered":"CABA: ASAMBLEA DE SAAVEDRA EN ALERTA"},"content":{"rendered":"<p style=\"text-align: justify\">[FMR 01\/11\/2016] Ayer, en Mateando en el Riachuelo hablamos con Basilio Sioutis, militante popular de la comuna 12, quien nos contaba sobre la problem\u00e1tica que viven los vecinos de Saavedra, por el proyecto del Gobierno de la Ciudad de construir un paso bajo nivel, de manera inconsulta. Seg\u00fan denuncian los vecinos que participan de la Asamblea Popular de Saavedra, la obra adem\u00e1s complicar\u00eda la situaci\u00f3n que viven con las inundaciones, y provocar\u00eda la destrucci\u00f3n de puestos de trabajo por el cierre de los comercios afectados por las obras.<\/p>\n<p style=\"text-align: justify\">Por tal motivo, desde que el lunes un grupo de vecinos reaccion\u00f3 y resisti\u00f3 el inicio de la construcci\u00f3n, se viene desarrollando un plan de lucha que adem\u00e1s cuenta con la solidaridad y participaci\u00f3n de organizaciones de otros barrios de la CABA. Durante el fin de semana se realiz\u00f3 un acampe en las inmediaciones de la obra para denunciar e informar a la comunidad sobre las inconsistencias y peligros que implica para el barrio el avance de las tareas de construcci\u00f3n.<\/p>\n","protected":false},"excerpt":{"rendered":"<p>[FMR 01\/11\/2016] Ayer, en Mateando en el Riachuelo hablamos con Basilio Sioutis, militante popular de la comuna 12, quien nos contaba sobre la problem\u00e1tica que viven los vecinos de Saavedra, por el proyecto del Gobierno de la Ciudad de construir un paso bajo nivel, de manera inconsulta. Seg\u00fan denuncian los vecinos que participan de la [&hellip;]<\/p>\n","protected":false},"author":4,"featured_media":3116,"comment_status":"open","ping_status":"open","sticky":false,"template":"","format":"standard","meta":{"_monsterinsights_skip_tracking":false,"_monsterinsights_sitenote_active":false,"_monsterinsights_sitenote_note":"","_monsterinsights_sitenote_category":0,"jnews-multi-image_gallery":[],"jnews_single_post":[],"jnews_primary_category":[],"_joinchat":[],"footnotes":""},"categories":[78,76,74],"tags":[],"class_list":["post-3113","post","type-post","status-publish","format-standard","has-post-thumbnail","hentry","category-economia-popular","category-salud-comunitaria","category-san-cayetano"],"_links":{"self":[{"href":"http:\/\/fmriachuelo.it10.com.ar\/index.php\/wp-json\/wp\/v2\/posts\/3113","targetHints":{"allow":["GET"]}}],"collection":[{"href":"http:\/\/fmriachuelo.it10.com.ar\/index.php\/wp-json\/wp\/v2\/posts"}],"about":[{"href":"http:\/\/fmriachuelo.it10.com.ar\/index.php\/wp-json\/wp\/v2\/types\/post"}],"author":[{"embeddable":true,"href":"http:\/\/fmriachuelo.it10.com.ar\/index.php\/wp-json\/wp\/v2\/users\/4"}],"replies":[{"embeddable":true,"href":"http:\/\/fmriachuelo.it10.com.ar\/index.php\/wp-json\/wp\/v2\/comments?post=3113"}],"version-history":[{"count":0,"href":"http:\/\/fmriachuelo.it10.com.ar\/index.php\/wp-json\/wp\/v2\/posts\/3113\/revisions"}],"wp:featuredmedia":[{"embeddable":true,"href":"http:\/\/fmriachuelo.it10.com.ar\/index.php\/wp-json\/"}],"wp:attachment":[{"href":"http:\/\/fmriachuelo.it10.com.ar\/index.php\/wp-json\/wp\/v2\/media?parent=3113"}],"wp:term":[{"taxonomy":"category","embeddable":true,"href":"http:\/\/fmriachuelo.it10.com.ar\/index.php\/wp-json\/wp\/v2\/categories?post=3113"},{"taxonomy":"post_tag","embeddable":true,"href":"http:\/\/fmriachuelo.it10.com.ar\/index.php\/wp-json\/wp\/v2\/tags?post=3113"}],"curies":[{"name":"wp","href":"https:\/\/api.w.org\/{rel}","templated":true}]}}