{"id":3104,"date":"2016-10-28T03:28:48","date_gmt":"2016-10-28T03:28:48","guid":{"rendered":"http:\/\/fmriachuelo.com.ar\/ljkjklj\/?p=3104"},"modified":"2016-10-28T03:28:48","modified_gmt":"2016-10-28T03:28:48","slug":"jornada-de-debate-presentacion-del-proyecto-de-ley-nacional-de-produccion-social-y-autogestionaria-del-habitat-social","status":"publish","type":"post","link":"http:\/\/fmriachuelo.it10.com.ar\/index.php\/2016\/10\/28\/jornada-de-debate-presentacion-del-proyecto-de-ley-nacional-de-produccion-social-y-autogestionaria-del-habitat-social\/","title":{"rendered":"JORNADA DE DEBATE: PRESENTACI\u00d3N DEL PROYECTO DE LEY NACIONAL DE PRODUCCI\u00d3N SOCIAL Y AUTOGESTIONARIA DEL HABITAT SOCIAL"},"content":{"rendered":"<p style=\"text-align: justify\"><span id=\"yui_3_16_0_ym19_1_1477790178182_38388\"><span id=\"yui_3_16_0_ym19_1_1477790178182_38386\">[FMR 30\/10\/16] En la tarde de pasado jueves 27 de Octubre, en el Sal\u00f3n Auditorio del edificio anexo de la C\u00e1mara de Diputados de la Naci\u00f3n, se realiz\u00f3 la Presentaci\u00f3n del Proyecto de Ley Nacional de Producci\u00f3n Social Autogestionaria del H\u00e1bitat Popular con una Jornada Debate que cont\u00f3 con dos paneles de expositores. Uno conformado por algunos legisladores Nacionales que se comprometieron a darle tr\u00e1mite parlamentario al proyecto junto con funcionarios de la Secretar\u00eda de Vivienda y H\u00e1bitat de la Naci\u00f3n. El otro estuvo compuesto por referentes del colectivo de organizaciones populares que luchan desde hace d\u00e9cadas por la vivienda digna que elaboraron y hoy impulsan la ley nacional de autogesti\u00f3n del h\u00e1bitat.<\/span><\/span><\/p>\n<p style=\"text-align: justify\">Escuch\u00e1 a continuaci\u00f3n las palabras de los distintos participantes de la Jornada de Debate:<\/p>\n<p id=\"yui_3_16_0_ym19_1_1477790178182_38393\" style=\"text-align: justify\" align=\"center\"><span id=\"yui_3_16_0_ym19_1_1477790178182_38392\"><span id=\"yui_3_16_0_ym19_1_1477790178182_38391\">La jornada se llev\u00f3 adelante con una numerosa asistencia conformada por legisladores nacionales y trabajadores de la econom\u00eda popular, de diferentes organizaciones sociales y la presencia de miembros de distintas cooperativas que vienen haciendo posible la experiencia de autogesti\u00f3n social del h\u00e1bitat.<\/span><\/span><\/p>\n<p id=\"yui_3_16_0_ym19_1_1477790178182_39500\" style=\"text-align: justify\" align=\"center\"><span id=\"yui_3_16_0_ym19_1_1477790178182_39499\"><span id=\"yui_3_16_0_ym19_1_1477790178182_39498\">En primer lugar tomaron la palabra legisladores nacionales que valoran la importancia de impulsar esta ley y destacaron que \u201ces lo que tenemos que hacer dentro del Congreso\u201d.<\/span><\/span><\/p>\n<p id=\"yui_3_16_0_ym19_1_1477790178182_39503\" class=\"yiv6574556923MsoNormal\" align=\"center\"><img loading=\"lazy\" decoding=\"async\" class=\"aligncenter wp-image-3106 size-large\" src=\"http:\/\/fmriachuelo.com.ar\/ljkjklj\/wp-content\/uploads\/2016\/10\/WhatsApp-Image-2016-10-27-at-17.30.56-1024x219.jpeg\" alt=\"whatsapp-image-2016-10-27-at-17-30-56\" width=\"640\" height=\"137\" \/><\/p>\n<p style=\"text-align: justify\">Luego se proyect\u00f3 un video producido por las organizaciones sociales que cuenta la experiencia de las cooperativas que construyen vivienda y h\u00e1bitat enmarcadas en la Ley 341 de la CABA (en la que se inspira el proyecto de ley nacional) y demuestra que<b id=\"yui_3_16_0_ym19_1_1477790178182_39673\"> es posible la gesti\u00f3n de la vivienda por parte de los propios usuarios, de manera colectiva y autogestionaria<\/b>.<\/p>\n<p style=\"text-align: justify\"><img loading=\"lazy\" decoding=\"async\" class=\"wp-image-3107 size-large aligncenter\" src=\"http:\/\/fmriachuelo.com.ar\/ljkjklj\/wp-content\/uploads\/2016\/10\/WhatsApp-Image-2016-10-27-at-17.30.57-1024x262.jpeg\" alt=\"whatsapp-image-2016-10-27-at-17-30-57\" width=\"640\" height=\"164\" \/><\/p>\n<p style=\"text-align: justify\">Por \u00faltimo, tomaron la palabra los referentes de distintas organizaciones sociales, territoriales y cooperativas de la econom\u00eda popular. En este panel se compartieron ideas y propuestas basadas en el conocimiento emp\u00edrico que las organizaciones desarrollaron en la pr\u00e1ctica, con la lucha que conquist\u00f3 de la ley 341 en la CABA y la construcci\u00f3n colectiva de la vivienda popular. Tambi\u00e9n demandaron a las instituciones legislativas y ejecutivas reflexionar acerca de la necesidad de constituir la <b>participaci\u00f3n real de las organizaciones<\/b>, no s\u00f3lo en el dise\u00f1o y esp\u00edritu de la ley sino tambi\u00e9n en su reglamentaci\u00f3n, control, administraci\u00f3n y ejecuci\u00f3n. Exigieron dotar la ley de <b id=\"yui_3_16_0_ym19_1_1477790178182_39705\">recursos concretos para su implementaci\u00f3n<\/b>. Destacaron adem\u00e1s, que <b id=\"yui_3_16_0_ym19_1_1477790178182_38397\">la Autogesti\u00f3n es la concepci\u00f3n de una sociedad distinta<\/b> apoyada y sustentada en las capacidades de nuestro pueblo, que no es m\u00e1s que la construcci\u00f3n de una <b id=\"yui_3_16_0_ym19_1_1477790178182_38398\">democracia participativa y protag\u00f3nica<\/b>.<\/p>\n<p><img loading=\"lazy\" decoding=\"async\" class=\"aligncenter wp-image-3108 size-large\" src=\"http:\/\/fmriachuelo.com.ar\/ljkjklj\/wp-content\/uploads\/2016\/10\/WhatsApp-Image-2016-10-27-at-17.53.18-1024x768.jpeg\" alt=\"whatsapp-image-2016-10-27-at-17-53-18\" width=\"640\" height=\"480\" \/><\/p>\n<p>&nbsp;<\/p>\n","protected":false},"excerpt":{"rendered":"<p>[FMR 30\/10\/16] En la tarde de pasado jueves 27 de Octubre, en el Sal\u00f3n Auditorio del edificio anexo de la C\u00e1mara de Diputados de la Naci\u00f3n, se realiz\u00f3 la Presentaci\u00f3n del Proyecto de Ley Nacional de Producci\u00f3n Social Autogestionaria del H\u00e1bitat Popular con una Jornada Debate que cont\u00f3 con dos paneles de expositores. Uno conformado [&hellip;]<\/p>\n","protected":false},"author":4,"featured_media":3105,"comment_status":"open","ping_status":"open","sticky":false,"template":"","format":"standard","meta":{"_monsterinsights_skip_tracking":false,"_monsterinsights_sitenote_active":false,"_monsterinsights_sitenote_note":"","_monsterinsights_sitenote_category":0,"jnews-multi-image_gallery":[],"jnews_single_post":[],"jnews_primary_category":[],"_joinchat":[],"footnotes":""},"categories":[76,74],"tags":[],"class_list":["post-3104","post","type-post","status-publish","format-standard","has-post-thumbnail","hentry","category-salud-comunitaria","category-san-cayetano"],"_links":{"self":[{"href":"http:\/\/fmriachuelo.it10.com.ar\/index.php\/wp-json\/wp\/v2\/posts\/3104","targetHints":{"allow":["GET"]}}],"collection":[{"href":"http:\/\/fmriachuelo.it10.com.ar\/index.php\/wp-json\/wp\/v2\/posts"}],"about":[{"href":"http:\/\/fmriachuelo.it10.com.ar\/index.php\/wp-json\/wp\/v2\/types\/post"}],"author":[{"embeddable":true,"href":"http:\/\/fmriachuelo.it10.com.ar\/index.php\/wp-json\/wp\/v2\/users\/4"}],"replies":[{"embeddable":true,"href":"http:\/\/fmriachuelo.it10.com.ar\/index.php\/wp-json\/wp\/v2\/comments?post=3104"}],"version-history":[{"count":0,"href":"http:\/\/fmriachuelo.it10.com.ar\/index.php\/wp-json\/wp\/v2\/posts\/3104\/revisions"}],"wp:featuredmedia":[{"embeddable":true,"href":"http:\/\/fmriachuelo.it10.com.ar\/index.php\/wp-json\/"}],"wp:attachment":[{"href":"http:\/\/fmriachuelo.it10.com.ar\/index.php\/wp-json\/wp\/v2\/media?parent=3104"}],"wp:term":[{"taxonomy":"category","embeddable":true,"href":"http:\/\/fmriachuelo.it10.com.ar\/index.php\/wp-json\/wp\/v2\/categories?post=3104"},{"taxonomy":"post_tag","embeddable":true,"href":"http:\/\/fmriachuelo.it10.com.ar\/index.php\/wp-json\/wp\/v2\/tags?post=3104"}],"curies":[{"name":"wp","href":"https:\/\/api.w.org\/{rel}","templated":true}]}}