{"id":309,"date":"2015-06-29T13:40:00","date_gmt":"2015-06-29T13:40:00","guid":{"rendered":"http:\/\/fmriachuelo.observatorioess.org.ar\/index.php\/2015\/06\/29\/economia-popular-una-practica-que-se-extiende-por-todo-el-pais\/"},"modified":"2025-04-11T14:33:58","modified_gmt":"2025-04-11T17:33:58","slug":"economia-popular-una-practica-que-se-extiende-por-todo-el-pais","status":"publish","type":"post","link":"http:\/\/fmriachuelo.it10.com.ar\/index.php\/2015\/06\/29\/economia-popular-una-practica-que-se-extiende-por-todo-el-pais\/","title":{"rendered":"ECONOM\u00cdA POPULAR: UNA PR\u00c1CTICA QUE SE EXTIENDE POR TODO EL PA\u00cdS"},"content":{"rendered":"<p><span style=\"font-size: large\"><span style=\"font-family: Verdana,sans-serif\"><span style=\"color: red\"><b>DEL PRODUCTOR AL TRABAJADOR<\/b><\/span><\/span><\/span><br \/><b><span style=\"font-family: Verdana,sans-serif\"><span style=\"font-size: small\">AGRICULTURA FAMILIAR: SE COMERCIALIZARON M\u00c1S DE 600 MILLONES DE PESOS EN FERIAS DE TODO EL PA\u00cdS<\/span><\/span><\/b><\/p>\n<div style=\"clear: both;text-align: center\"><span style=\"font-family: Verdana,sans-serif\"><span style=\"font-size: small\"><a href=\"http:\/\/2.bp.blogspot.com\/-2SAkGLaX7E4\/VZFJYTLlHcI\/AAAAAAAAFA0\/wrsVGG5soZE\/s1600\/FERIAS.jpg\" style=\"clear: left;float: left;margin-bottom: 1em;margin-right: 1em\"><img loading=\"lazy\" decoding=\"async\" border=\"0\" height=\"133\" src=\"http:\/\/2.bp.blogspot.com\/-2SAkGLaX7E4\/VZFJYTLlHcI\/AAAAAAAAFA0\/wrsVGG5soZE\/s200\/FERIAS.jpg\" width=\"200\" \/><\/a><\/span><\/span><\/div>\n<div style=\"text-align: justify\"><span style=\"font-family: Verdana,sans-serif\"><span style=\"font-size: small\">El Ministro Casamiquela dijo que en el \u00faltimo a\u00f1o se comercializaron m\u00e1s de 600 millones de pesos en ferias donde se comercializan productos de agricultura familiar en todo el pa\u00eds, y destac\u00f3 el apoyo del Gobierno nacional a la generaci\u00f3n de estos espacios.<\/span><\/span><br \/><a name='more'><\/a><span style=\"font-family: Verdana, sans-serif\">Los datos oficiales a trav\u00e9s del Ministerio de Agricultura son alentadores para la econom\u00eda popular.&nbsp;<\/span><span style=\"font-family: Verdana,sans-serif\"><span style=\"font-size: small\"><br \/>\u201cEn el \u00faltimo a\u00f1o se comercializaron m\u00e1s de 600.000.000 de pesos beneficiando de forma directa a los eslabones m\u00e1s d\u00e9biles de la cadena: productores y consumidores\u201d, se\u00f1al\u00f3 Casamiquela durante el 3\u00b0 Encuentro Nacional de Ferias Francas y Mercados Solidarios que culmina hoy en la ciudad de Ober\u00e1, Misiones, evento del que participaron unos 3.000 mil expositores feriantes provenientes de 20 provincias de la Argentina y de organizaciones de pa\u00edses vecinos.<br \/>La popularidad de estos espacios de comercializaci\u00f3n lograron un cambio radical en la vida de los peque\u00f1os productores y de los consumidores que participan en todas las regiones.<\/span><\/span><br \/><span style=\"font-family: Verdana,sans-serif\"><span style=\"font-size: small\">En la feria de Ober\u00e1 se pudo observar la actividad productiva de campesinos, horticultores, pescadores artesanales como agentes del desarrollo socioecon\u00f3mico de los lugares en los que viven, donde se llevan adelante 700 ferias durante el a\u00f1o y que configuran un modo de comercializaci\u00f3n directo entre quienes producen los alimentos y los compradores, que permite un ahorro estimado en un 40 por ciento.<br \/>\u201cEstamos poniendo en valor las ferias francas porque achican la brecha en el precio que cobra el que produce y lo que paga el que consume\u201d, dijo Casamiquela quien remarc\u00f3 que en el pa\u00eds 300.000 consumidores adquieren productos directamente de los agricultores familiares.<br \/>Seg\u00fan se desprende de una investigaci\u00f3n desarrollada por t\u00e9cnicos del MAGyP, a trav\u00e9s del Instituto Nacional de Tecnolog\u00eda Agropecuaria (INTA), se determin\u00f3 que las verduras y hortalizas frescas que son comercializadas por estas v\u00edas cuestan entre un 20 y 77 por ciento menos que en los supermercados.<\/span><\/span><br \/><span style=\"font-family: Verdana,sans-serif\"><span style=\"font-size: small\"><span style=\"font-size: x-small\"><span style=\"color: #0b5394\"><b>VILLA OCAMPO SF\/PRODUCCI\u00d3N RIACHUELO<\/b><\/span><\/span><\/span><\/span><\/div>\n","protected":false},"excerpt":{"rendered":"<p>DEL PRODUCTOR AL TRABAJADORAGRICULTURA FAMILIAR: SE COMERCIALIZARON M\u00c1S DE 600 MILLONES DE PESOS EN FERIAS DE TODO EL PA\u00cdS El Ministro Casamiquela dijo que en el \u00faltimo a\u00f1o se comercializaron m\u00e1s de 600 millones de pesos en ferias donde se comercializan productos de agricultura familiar en todo el pa\u00eds, y destac\u00f3 el apoyo del Gobierno [&hellip;]<\/p>\n","protected":false},"author":4,"featured_media":0,"comment_status":"open","ping_status":"open","sticky":false,"template":"","format":"standard","meta":{"_monsterinsights_skip_tracking":false,"_monsterinsights_sitenote_active":false,"_monsterinsights_sitenote_note":"","_monsterinsights_sitenote_category":0,"jnews-multi-image_gallery":[],"jnews_single_post":{"format":"standard"},"jnews_primary_category":[],"_joinchat":[],"footnotes":""},"categories":[58],"tags":[64,94],"class_list":["post-309","post","type-post","status-publish","format-standard","hentry","category-noticiariachuelo","tag-economia-popular","tag-soberania-alimentaria"],"_links":{"self":[{"href":"http:\/\/fmriachuelo.it10.com.ar\/index.php\/wp-json\/wp\/v2\/posts\/309","targetHints":{"allow":["GET"]}}],"collection":[{"href":"http:\/\/fmriachuelo.it10.com.ar\/index.php\/wp-json\/wp\/v2\/posts"}],"about":[{"href":"http:\/\/fmriachuelo.it10.com.ar\/index.php\/wp-json\/wp\/v2\/types\/post"}],"author":[{"embeddable":true,"href":"http:\/\/fmriachuelo.it10.com.ar\/index.php\/wp-json\/wp\/v2\/users\/4"}],"replies":[{"embeddable":true,"href":"http:\/\/fmriachuelo.it10.com.ar\/index.php\/wp-json\/wp\/v2\/comments?post=309"}],"version-history":[{"count":1,"href":"http:\/\/fmriachuelo.it10.com.ar\/index.php\/wp-json\/wp\/v2\/posts\/309\/revisions"}],"predecessor-version":[{"id":23677,"href":"http:\/\/fmriachuelo.it10.com.ar\/index.php\/wp-json\/wp\/v2\/posts\/309\/revisions\/23677"}],"wp:attachment":[{"href":"http:\/\/fmriachuelo.it10.com.ar\/index.php\/wp-json\/wp\/v2\/media?parent=309"}],"wp:term":[{"taxonomy":"category","embeddable":true,"href":"http:\/\/fmriachuelo.it10.com.ar\/index.php\/wp-json\/wp\/v2\/categories?post=309"},{"taxonomy":"post_tag","embeddable":true,"href":"http:\/\/fmriachuelo.it10.com.ar\/index.php\/wp-json\/wp\/v2\/tags?post=309"}],"curies":[{"name":"wp","href":"https:\/\/api.w.org\/{rel}","templated":true}]}}