{"id":3088,"date":"2016-10-27T01:00:56","date_gmt":"2016-10-27T01:00:56","guid":{"rendered":"http:\/\/fmriachuelo.com.ar\/ljkjklj\/?p=3088"},"modified":"2016-10-27T01:00:56","modified_gmt":"2016-10-27T01:00:56","slug":"vecinos-resisten-en-saavedra-la-construccion-de-un-tunel","status":"publish","type":"post","link":"http:\/\/fmriachuelo.it10.com.ar\/index.php\/2016\/10\/27\/vecinos-resisten-en-saavedra-la-construccion-de-un-tunel\/","title":{"rendered":"VECINOS RESISTEN EN SAAVEDRA LA CONSTRUCCI\u00d3N DE UN TUNEL"},"content":{"rendered":"<p style=\"text-align: justify\"><img loading=\"lazy\" decoding=\"async\" class=\"alignleft wp-image-3098 size-medium\" src=\"http:\/\/fmriachuelo.com.ar\/ljkjklj\/wp-content\/uploads\/2016\/10\/conferencia-e1477539890681-250x300.jpg\" alt=\"conferencia\" width=\"250\" height=\"300\" \/>[FMR 27\/10\/2016] En la tarde de ayer se realiz\u00f3 en la esquina de la Avenida Balb\u00edn al 4000, en las inmediaciones de la estaci\u00f3n Saavedra del FFCC Mitre, una conferencia de prensa para denunciar la\u00a0oposici\u00f3n y resistencia de los vecinos a la construcci\u00f3n de un paso bajo nivel, de manera inconsulta y que traer\u00e1 graves perjuicios al barrio\u00a0 de Saavedra. El acto cont\u00f3 con presencia y solidaridad de organizaciones sociales y pol\u00edticas. Un desmedido operativo policial intent\u00f3 intimidar a los presentes.<\/p>\n<p>El lunes de esta semana, \u00a0por la noche, el inicio sorpresivo de la obra provoc\u00f3 la reacci\u00f3n y resistencia espont\u00e1nea de los vecinos, \u00a0lo que genr\u00f3\u00a0la r\u00e1pida convocatoria del Gobierno de la CABA a una mesa de di\u00e1logo. Frente a esta situaci\u00f3n, la Asamblea Popular de Saavedra, convocante de la conferencia de prensa, respondi\u00f3 que: \u00a0\u00abno puede haber mesa de di\u00e1logo si no participan funcionarios del GCBA \u00a0con poder de decisi\u00f3n \u00a0y que se frene la obra\u00bb.<\/p>\n<p>Seg\u00fan denuncian los vecinos, los\u00a0problemas que la obra provocar\u00eda, \u00a0 agravar\u00edan la situaci\u00f3n de un barrio, \u00a0que sistem\u00e1ticamente sufre importantes inundaciones. En el a\u00f1o 2013, adem\u00e1s de las graves\u00a0p\u00e9rdidas materiales,\u00a0\u00a0caus\u00f3 el fallecimiento de seis personas, \u00a0que no pudieron abandonar sus casas por la rapidez con la que se elev\u00f3 el nivel del agua. En la conferencia se denunci\u00f3, adem\u00e1s, el riesgo sanitario, ya que los informes, \u00a0que la Asamblea de Inundados de Saavedra present\u00f3 al GCBA,\u00a0dan cuenta de los altos niveles de contaminaci\u00f3n de las aguas, del arroyo Medrano, \u00a0que invaden las casas y comercios del barrio cuando aumenta su caudal.<\/p>\n<p><img loading=\"lazy\" decoding=\"async\" class=\"aligncenter wp-image-3097 \" src=\"http:\/\/fmriachuelo.com.ar\/ljkjklj\/wp-content\/uploads\/2016\/10\/cana-3-576x1024.jpg\" alt=\"cana-3\" width=\"488\" height=\"868\" \/><\/p>\n<p>Llamativamente, la actividad estuvo acompa\u00f1ada de un exagerado despliegue policial que rode\u00f3\u00a0\u00a0la zona,\u00a0\u00a0en una actitud notoriamente intimidatoria. <span style=\"color: #ff0000\"><strong>FM Riachuelo<\/strong><\/span> pudo conocer, \u00a0adem\u00e1s, las importantes\u00a0amenazas contra integrantes\u00a0de la Asamblea, \u00a0luego de los episodios, de oposici\u00f3n y resistencia, \u00a0del d\u00eda lunes.<\/p>\n<p><img loading=\"lazy\" decoding=\"async\" class=\"wp-image-3096 size-medium aligncenter\" src=\"http:\/\/fmriachuelo.com.ar\/ljkjklj\/wp-content\/uploads\/2016\/10\/cana-2-e1477540021165-300x251.jpg\" width=\"300\" height=\"251\" \/><\/p>\n<p>En este contexto fue importante la amplia adhesi\u00f3n con que cont\u00f3 la actividad por parte de organizaciones\u00a0pol\u00edticas y vecinos, \u00a0de la comuna 12, as\u00ed como organizaciones populares que se solidarizaron desde otros barrios de la CABA para acompa\u00f1ar y resistir junto a los vecinos de Saavedra.<\/p>\n","protected":false},"excerpt":{"rendered":"<p>[FMR 27\/10\/2016] En la tarde de ayer se realiz\u00f3 en la esquina de la Avenida Balb\u00edn al 4000, en las inmediaciones de la estaci\u00f3n Saavedra del FFCC Mitre, una conferencia de prensa para denunciar la\u00a0oposici\u00f3n y resistencia de los vecinos a la construcci\u00f3n de un paso bajo nivel, de manera inconsulta y que traer\u00e1 graves [&hellip;]<\/p>\n","protected":false},"author":4,"featured_media":3094,"comment_status":"open","ping_status":"open","sticky":false,"template":"","format":"standard","meta":{"_monsterinsights_skip_tracking":false,"_monsterinsights_sitenote_active":false,"_monsterinsights_sitenote_note":"","_monsterinsights_sitenote_category":0,"jnews-multi-image_gallery":[],"jnews_single_post":[],"jnews_primary_category":[],"_joinchat":[],"footnotes":""},"categories":[78,76,74],"tags":[],"class_list":["post-3088","post","type-post","status-publish","format-standard","has-post-thumbnail","hentry","category-economia-popular","category-salud-comunitaria","category-san-cayetano"],"_links":{"self":[{"href":"http:\/\/fmriachuelo.it10.com.ar\/index.php\/wp-json\/wp\/v2\/posts\/3088","targetHints":{"allow":["GET"]}}],"collection":[{"href":"http:\/\/fmriachuelo.it10.com.ar\/index.php\/wp-json\/wp\/v2\/posts"}],"about":[{"href":"http:\/\/fmriachuelo.it10.com.ar\/index.php\/wp-json\/wp\/v2\/types\/post"}],"author":[{"embeddable":true,"href":"http:\/\/fmriachuelo.it10.com.ar\/index.php\/wp-json\/wp\/v2\/users\/4"}],"replies":[{"embeddable":true,"href":"http:\/\/fmriachuelo.it10.com.ar\/index.php\/wp-json\/wp\/v2\/comments?post=3088"}],"version-history":[{"count":0,"href":"http:\/\/fmriachuelo.it10.com.ar\/index.php\/wp-json\/wp\/v2\/posts\/3088\/revisions"}],"wp:featuredmedia":[{"embeddable":true,"href":"http:\/\/fmriachuelo.it10.com.ar\/index.php\/wp-json\/"}],"wp:attachment":[{"href":"http:\/\/fmriachuelo.it10.com.ar\/index.php\/wp-json\/wp\/v2\/media?parent=3088"}],"wp:term":[{"taxonomy":"category","embeddable":true,"href":"http:\/\/fmriachuelo.it10.com.ar\/index.php\/wp-json\/wp\/v2\/categories?post=3088"},{"taxonomy":"post_tag","embeddable":true,"href":"http:\/\/fmriachuelo.it10.com.ar\/index.php\/wp-json\/wp\/v2\/tags?post=3088"}],"curies":[{"name":"wp","href":"https:\/\/api.w.org\/{rel}","templated":true}]}}