{"id":3084,"date":"2016-10-27T01:51:34","date_gmt":"2016-10-27T01:51:34","guid":{"rendered":"http:\/\/fmriachuelo.com.ar\/ljkjklj\/?p=3084"},"modified":"2016-10-27T01:51:34","modified_gmt":"2016-10-27T01:51:34","slug":"enacomnocumple-multitudinaria-protesta-de-distintos-sectores-en-defensa-de-los-medios-comunitarios","status":"publish","type":"post","link":"http:\/\/fmriachuelo.it10.com.ar\/index.php\/2016\/10\/27\/enacomnocumple-multitudinaria-protesta-de-distintos-sectores-en-defensa-de-los-medios-comunitarios\/","title":{"rendered":"#ENACOMNOCUMPLE, MULTITUDINARIA PROTESTA DE DISTINTOS SECTORES EN DEFENSA DE LOS MEDIOS COMUNITARIOS"},"content":{"rendered":"<p><strong>[FMR 26\/10\/16] \u00abSIN MEDIOS COMUNITARIOS NO HAY DEMOCRACIA\u00bb<\/strong><\/p>\n<p style=\"text-align: justify\">En la tarde de hoy se autoconvocaron los medios comunitarios, junto a sus trabajadores, acompa\u00f1ados de representantes de organizaciones sociales, representaciones gremiales y sindicales, y comunicadores populares, frente a las oficinas de la ENACOM. En unidad se manifestaron como medida de fuerza frente al incumplimiento de los compromisos que el Ente ha contra\u00eddo, \u00a0en reiteradas ocasiones, \u00a0con los medios populares y comunitarios. Durante la movilizaci\u00f3n funcionarios del Ente se comunicaron para convocar a una nueva reuni\u00f3n que fue rechazada, porque en la pr\u00e1ctica no implica una respuesta concreta, sino dilatar una situaci\u00f3n.<\/p>\n<p style=\"text-align: justify\">Escuch\u00e1 a los testimonios de la jornada de protesta:<\/p>\n<p style=\"text-align: justify\">La medida de protesta se inici\u00f3 en el hall central, \u00a0del Ente Nacional de Comunicaciones, ENACOM, ubicado en la intersecci\u00f3n de Per\u00fa e H. Yrigoyen, de esta Ciudad, cuando un conjunto de representantes de los medios comunitarios desplegaron una bandera para visibilizar el reclamo, que desde hace 9 meses viene siendo incumplido sistem\u00e1ticamente.<\/p>\n<p style=\"text-align: justify\"><img loading=\"lazy\" decoding=\"async\" class=\"aligncenter wp-image-3086 size-large\" src=\"http:\/\/fmriachuelo.com.ar\/ljkjklj\/wp-content\/uploads\/2016\/10\/WhatsApp-Image-2016-10-26-at-22.11.16-1024x768.jpeg\" alt=\"whatsapp-image-2016-10-26-at-22-11-16\" width=\"640\" height=\"480\" \/><\/p>\n<p style=\"text-align: justify\">La protesta continu\u00f3, \u00a0en medio de la lluvia, \u00a0en la puerta, del organismo, \u00a0con una importante presencia de\u00a0trabajadores de medios comunitarios \u00a0junto a la presencia de distintas organizaciones sociales, gremiales, sindicales \u00a0de diversa procedencia, que hicieron presentes para solidarizarse, reconocer la legitimidad del reclamo y el riesgo que implica para la democracia la imposibilidad de difundir otras voces.<\/p>\n<p style=\"text-align: justify\"><img loading=\"lazy\" decoding=\"async\" class=\"size-medium wp-image-3089 alignleft\" src=\"http:\/\/fmriachuelo.com.ar\/ljkjklj\/wp-content\/uploads\/2016\/10\/WhatsApp-Image-2016-10-26-at-16.37.48-300x225.jpeg\" alt=\"whatsapp-image-2016-10-26-at-16-37-48\" width=\"300\" height=\"225\" \/><\/p>\n<p style=\"text-align: justify\">La medida se llev\u00f3 adelante con el prop\u00f3sito de denunciar la situaci\u00f3n de incumplimiento reiterado del ENACOM.\u00a0Esta falta de cumplimiento\u00a0ponen en riesgo la subsistencia de los medios comunitarios, y significa un atentado contra\u00a0la democracia y el leg\u00edtimo <strong>Derecho a la Comunicaci\u00f3n<\/strong>. Las reivindicaciones m\u00e1s importantes son: pago de los Fomecas adeudados, habilitaci\u00f3n de los canales comunitarios concursados: Barricada TV, Urbana TV y Pares TV, reconocimiento legal y devoluci\u00f3n de los equipos a Antena Negra TV, Cumplimiento de la Reserva del 33% para los medios sin fines de lucro y elaboraci\u00f3n del Plan T\u00e9cnico.<\/p>\n<p style=\"text-align: justify\">Sobre el final de la jornada de lucha, el ENACOM se convoc\u00f3 a una nueva reuni\u00f3n, que fue rechazada por los medios, ya que no implica una respuesta concreta, luego de los reiterados inclumplimientos que mantiene el organismo.<\/p>\n<p style=\"text-align: justify\">Recordamos que el ENACOM es una de las primeras medidas de gobierno, un organismo creado en Diciembre del 2015 a trav\u00e9s del Decreto 267 en el cual se establece su rol como regulador de las comunicaciones.<\/p>\n<p style=\"text-align: justify\">El Fondo de Fomento Concursable para Medios de Comunicaci\u00f3n Audiovisual (FOMECA) fue creado para fortalecer a los actores de la comunicaci\u00f3n sin fines de lucro. Sin embargo se mantienen impagos desde hace m\u00e1s de 9 meses, sometiendo a la asfixia a todos los medios populares, que diariamente hacen oir las otras voces, silenciadas en los multimedios, masivos de comunicaci\u00f3n.<\/p>\n<p>&nbsp;<\/p>\n","protected":false},"excerpt":{"rendered":"<p>[FMR 26\/10\/16] \u00abSIN MEDIOS COMUNITARIOS NO HAY DEMOCRACIA\u00bb En la tarde de hoy se autoconvocaron los medios comunitarios, junto a sus trabajadores, acompa\u00f1ados de representantes de organizaciones sociales, representaciones gremiales y sindicales, y comunicadores populares, frente a las oficinas de la ENACOM. En unidad se manifestaron como medida de fuerza frente al incumplimiento de los [&hellip;]<\/p>\n","protected":false},"author":4,"featured_media":3089,"comment_status":"open","ping_status":"open","sticky":false,"template":"","format":"standard","meta":{"_monsterinsights_skip_tracking":false,"_monsterinsights_sitenote_active":false,"_monsterinsights_sitenote_note":"","_monsterinsights_sitenote_category":0,"jnews-multi-image_gallery":[],"jnews_single_post":[],"jnews_primary_category":[],"_joinchat":[],"footnotes":""},"categories":[78,76,75],"tags":[],"class_list":["post-3084","post","type-post","status-publish","format-standard","has-post-thumbnail","hentry","category-economia-popular","category-salud-comunitaria","category-trabajo"],"_links":{"self":[{"href":"http:\/\/fmriachuelo.it10.com.ar\/index.php\/wp-json\/wp\/v2\/posts\/3084","targetHints":{"allow":["GET"]}}],"collection":[{"href":"http:\/\/fmriachuelo.it10.com.ar\/index.php\/wp-json\/wp\/v2\/posts"}],"about":[{"href":"http:\/\/fmriachuelo.it10.com.ar\/index.php\/wp-json\/wp\/v2\/types\/post"}],"author":[{"embeddable":true,"href":"http:\/\/fmriachuelo.it10.com.ar\/index.php\/wp-json\/wp\/v2\/users\/4"}],"replies":[{"embeddable":true,"href":"http:\/\/fmriachuelo.it10.com.ar\/index.php\/wp-json\/wp\/v2\/comments?post=3084"}],"version-history":[{"count":0,"href":"http:\/\/fmriachuelo.it10.com.ar\/index.php\/wp-json\/wp\/v2\/posts\/3084\/revisions"}],"wp:featuredmedia":[{"embeddable":true,"href":"http:\/\/fmriachuelo.it10.com.ar\/index.php\/wp-json\/"}],"wp:attachment":[{"href":"http:\/\/fmriachuelo.it10.com.ar\/index.php\/wp-json\/wp\/v2\/media?parent=3084"}],"wp:term":[{"taxonomy":"category","embeddable":true,"href":"http:\/\/fmriachuelo.it10.com.ar\/index.php\/wp-json\/wp\/v2\/categories?post=3084"},{"taxonomy":"post_tag","embeddable":true,"href":"http:\/\/fmriachuelo.it10.com.ar\/index.php\/wp-json\/wp\/v2\/tags?post=3084"}],"curies":[{"name":"wp","href":"https:\/\/api.w.org\/{rel}","templated":true}]}}