{"id":308,"date":"2015-06-30T12:54:00","date_gmt":"2015-06-30T12:54:00","guid":{"rendered":"http:\/\/fmriachuelo.observatorioess.org.ar\/index.php\/2015\/06\/30\/alba-se-pronuncia-por-la-situacion-de-grecia\/"},"modified":"2025-04-11T14:35:03","modified_gmt":"2025-04-11T17:35:03","slug":"alba-se-pronuncia-por-la-situacion-de-grecia","status":"publish","type":"post","link":"http:\/\/fmriachuelo.it10.com.ar\/index.php\/2015\/06\/30\/alba-se-pronuncia-por-la-situacion-de-grecia\/","title":{"rendered":"ALBA: SE PRONUNCIA POR LA SITUACI\u00d3N DE GRECIA"},"content":{"rendered":"<p><span style=\"color: red;font-family: Verdana, sans-serif;font-size: large\"><b>SOLIDARIDAD DE LOS PUEBLOS<\/b><\/span><br \/><b><span style=\"color: red;font-family: Verdana, sans-serif;font-size: large\">\u00a1OTRO MUNDO ES POSIBLE!<\/span><\/b><br \/><span style=\"font-family: Verdana, sans-serif\">COMUNICADO DEL ALBA EN APOYO A GRECIA<\/span><\/p>\n<div style=\"clear: both;text-align: center\"><a href=\"http:\/\/1.bp.blogspot.com\/-eewv-SgORTc\/VZKRJK13MCI\/AAAAAAAAFBg\/xxW0M5xE6P8\/s1600\/Alba.jpg\" style=\"clear: left;float: left;margin-bottom: 1em;margin-right: 1em\"><span style=\"clear: left;float: left;font-family: Verdana, sans-serif;margin-bottom: 1em;margin-right: 1em\"><img loading=\"lazy\" decoding=\"async\" border=\"0\" height=\"97\" src=\"http:\/\/1.bp.blogspot.com\/-eewv-SgORTc\/VZKRJK13MCI\/AAAAAAAAFBg\/xxW0M5xE6P8\/s200\/Alba.jpg\" width=\"200\" \/><\/span><\/a><\/div>\n<div style=\"text-align: justify\"><span style=\"font-family: Verdana, sans-serif\">La Alianza Bolivariana para los pueblos de nuestra Am\u00e9rica \u2013 Tratado de Comercio de los Pueblos (ALBA-TCP) expresa su m\u00e1s firme apoyo y solidaridad al pueblo y al gobierno griegos.<\/span><br \/><a name='more'><\/a><br \/><span style=\"font-family: Verdana, sans-serif\">Frente al voraz asedio del capitalismo financiero mundial y sus representantes europeos, los que con inescrupulosa y desmedida ambici\u00f3n pretenden doblegar la opci\u00f3n de este pa\u00eds por una vida digna y justa, cuyo centro sea la salvaguarda de la democracia verdadera y de los derechos humanos y no los insultantes privilegios y destructivas secuelas del capital neoliberal transnacional.<br \/>Los pueblos y gobiernos del ALBA-TCP, convencidos por el Comandante Hugo Ch\u00e1vez de que \u201cLa historia nos llama a la uni\u00f3n y a la lucha\u201d, enviamos un mensaje de aliento para el valeroso pueblo y el gobierno griegos, convencidos de que la batalla hist\u00f3rica que est\u00e1 andando es una lucha por la salvaci\u00f3n de toda la especie humana, por la vida, la libertad y la autodeterminaci\u00f3n de todos los pueblos.<br \/>Estamos seguros que otro mundo es posible.<br \/>Caracas,<br \/>28 de junio 2015.<\/span><br \/><b style=\"font-family: Verdana, sans-serif;text-align: start\"><span style=\"color: #0b5394;font-size: x-small\">RESUMEN LATINOAMERICANO\/PRODUCCI\u00d3N RIACHUELO<\/span><\/b><\/div>\n","protected":false},"excerpt":{"rendered":"<p>SOLIDARIDAD DE LOS PUEBLOS\u00a1OTRO MUNDO ES POSIBLE!COMUNICADO DEL ALBA EN APOYO A GRECIA La Alianza Bolivariana para los pueblos de nuestra Am\u00e9rica \u2013 Tratado de Comercio de los Pueblos (ALBA-TCP) expresa su m\u00e1s firme apoyo y solidaridad al pueblo y al gobierno griegos.Frente al voraz asedio del capitalismo financiero mundial y sus representantes europeos, los [&hellip;]<\/p>\n","protected":false},"author":4,"featured_media":0,"comment_status":"open","ping_status":"open","sticky":false,"template":"","format":"standard","meta":{"_monsterinsights_skip_tracking":false,"_monsterinsights_sitenote_active":false,"_monsterinsights_sitenote_note":"","_monsterinsights_sitenote_category":0,"jnews-multi-image_gallery":[],"jnews_single_post":{"format":"standard"},"jnews_primary_category":[],"_joinchat":[],"footnotes":""},"categories":[58],"tags":[70,167],"class_list":["post-308","post","type-post","status-publish","format-standard","hentry","category-noticiariachuelo","tag-de-la-patria-grande","tag-politica-internacional"],"_links":{"self":[{"href":"http:\/\/fmriachuelo.it10.com.ar\/index.php\/wp-json\/wp\/v2\/posts\/308","targetHints":{"allow":["GET"]}}],"collection":[{"href":"http:\/\/fmriachuelo.it10.com.ar\/index.php\/wp-json\/wp\/v2\/posts"}],"about":[{"href":"http:\/\/fmriachuelo.it10.com.ar\/index.php\/wp-json\/wp\/v2\/types\/post"}],"author":[{"embeddable":true,"href":"http:\/\/fmriachuelo.it10.com.ar\/index.php\/wp-json\/wp\/v2\/users\/4"}],"replies":[{"embeddable":true,"href":"http:\/\/fmriachuelo.it10.com.ar\/index.php\/wp-json\/wp\/v2\/comments?post=308"}],"version-history":[{"count":1,"href":"http:\/\/fmriachuelo.it10.com.ar\/index.php\/wp-json\/wp\/v2\/posts\/308\/revisions"}],"predecessor-version":[{"id":23678,"href":"http:\/\/fmriachuelo.it10.com.ar\/index.php\/wp-json\/wp\/v2\/posts\/308\/revisions\/23678"}],"wp:attachment":[{"href":"http:\/\/fmriachuelo.it10.com.ar\/index.php\/wp-json\/wp\/v2\/media?parent=308"}],"wp:term":[{"taxonomy":"category","embeddable":true,"href":"http:\/\/fmriachuelo.it10.com.ar\/index.php\/wp-json\/wp\/v2\/categories?post=308"},{"taxonomy":"post_tag","embeddable":true,"href":"http:\/\/fmriachuelo.it10.com.ar\/index.php\/wp-json\/wp\/v2\/tags?post=308"}],"curies":[{"name":"wp","href":"https:\/\/api.w.org\/{rel}","templated":true}]}}