{"id":3073,"date":"2016-10-25T15:21:39","date_gmt":"2016-10-25T15:21:39","guid":{"rendered":"http:\/\/fmriachuelo.com.ar\/ljkjklj\/?p=3073"},"modified":"2016-10-25T15:21:39","modified_gmt":"2016-10-25T15:21:39","slug":"movilizacion-al-enacom-miercoles-a-las-16-horas","status":"publish","type":"post","link":"http:\/\/fmriachuelo.it10.com.ar\/index.php\/2016\/10\/25\/movilizacion-al-enacom-miercoles-a-las-16-horas\/","title":{"rendered":"MOVILIZACI\u00d3N AL ENACOM: MI\u00c9RCOLES A LAS 16 HORAS"},"content":{"rendered":"<p style=\"text-align: justify\">[FMR 25\/10\/2016] A continuaci\u00f3n reproducimos comunicado de Interredes, espacio convocante a la movilizaci\u00f3n de ma\u00f1ana mi\u00e9rcoles, y que nuclea a redes de medios y productoras de comunicaci\u00f3n comunitaria, popular y alternativa:<\/p>\n<p style=\"text-align: justify\">\n<p style=\"text-align: justify\"><strong><span id=\"yui_3_16_0_ym19_1_1477391387009_46106\">#ENACOMnoCumple con los medios comunitarios<\/span><\/strong><\/p>\n<div id=\"yui_3_16_0_ym19_1_1477391387009_46138\" style=\"text-align: justify\">\n<div id=\"yui_3_16_0_ym19_1_1477391387009_46147\"><\/div>\n<div id=\"yui_3_16_0_ym19_1_1477391387009_46146\"><strong>MI\u00c9RCOLES 26 de Octubre 16 horas<\/strong><\/div>\n<div id=\"yui_3_16_0_ym19_1_1477391387009_46145\"><strong>TODOS Y TODAS AL ENACOM<\/strong><\/div>\n<div id=\"yui_3_16_0_ym19_1_1477391387009_46137\"><strong>Per\u00fa 106 (CABA)<\/strong><\/div>\n<\/div>\n<div style=\"text-align: justify\"><\/div>\n<div id=\"yui_3_16_0_ym19_1_1477391387009_46133\" style=\"text-align: justify\"><span id=\"yui_3_16_0_ym19_1_1477391387009_46135\"><span id=\"yui_3_16_0_ym19_1_1477391387009_46134\">Pasaron m\u00e1s de nueve meses y el Ente Nacional de Comunicaciones (ENACOM) contin\u00faa sin saldar la deuda millonaria que mantiene con nuestros medios; sin abrir las anunciadas l\u00edneas 2016 del Fondo de Fomento Concursable (FOMECA), incumpliendo as\u00ed con lo previsto en la Ley Nacional de Presupuesto del a\u00f1o en curso; sin entregar\u00a0<\/span><\/span><span id=\"yui_3_16_0_ym19_1_1477391387009_46149\">la habilitaci\u00f3n definitiva de los canales comunitarios concursados que cumplieron con todas las exigencias derivadas del acto de adjudicaci\u00f3n; y sin abrir nuevos concursos para licencias de radio y televisi\u00f3n sin fines de lucro. Tampoco actu\u00f3 en pos de subsanar las<\/span>\u00a0<span id=\"yui_3_16_0_ym19_1_1477391387009_46132\">interferencias contra Barricada TV y Urbana TV por parte de la empresa Canal 13\/Artear, ni por el proceso penal contra Antena Negra TV, iniciado por una empresa de seguridad privada que no posee licencia alguna para operar en el espectro.<\/span><\/div>\n<div style=\"text-align: justify\"><\/div>\n<div id=\"yui_3_16_0_ym19_1_1477391387009_46151\" style=\"text-align: justify\">Al mismo tiempo, el ENACOM ha decidido restringir la participaci\u00f3n en los fondos concursables sin hacerse cargo de que la falta de legalidad del sector es producto de la incapacidad del propio estado para regularizar la situaci\u00f3n y ha desconocido\u00a0<span id=\"yui_3_16_0_ym19_1_1477391387009_46150\">la reserva el 33 por ciento del espectro para el sector sin fines de lucro, al abrir concursos para medios comerciales en zonas en las que el espectro se encuentra saturado y sin la cantidad de medios sin fines de lucro prevista en la ley, tal el caso del concurso por la frecuencia de Radio Am\u00e9rica.<\/span><\/div>\n<div id=\"yui_3_16_0_ym19_1_1477391387009_46153\" style=\"text-align: justify\"><span id=\"yui_3_16_0_ym19_1_1477391387009_46152\">Los funcionarios de ENACOM, ente presidido por Miguel \u00c1ngel De Godoy, sostienen una pol\u00edtica de dilaci\u00f3n con los medios comunitarios. Nos reciben, pero no nos escuchan. Nos prometen respuestas que nunca llegan y en nada han avanzado en estos meses, conden\u00e1ndonos al ahogo financiero y la precariedad.\u00a0<\/span>Esto no es democratizaci\u00f3n ni pluralidad, sino regresi\u00f3n en materia de derechos a la libertad de expresi\u00f3n, de los medios y de sus audiencias.\u00a0<span id=\"yui_3_16_0_ym19_1_1477391387009_46154\">En consonancia con otros conflictos que surgen cotidianamente en el pa\u00eds, la gesti\u00f3n de Cambiemos s\u00f3lo gana tiempo, para que el \u00fanico que avance sea el mercado.<\/span><\/div>\n<div style=\"text-align: justify\"><\/div>\n<div id=\"yui_3_16_0_ym19_1_1477391387009_46155\" style=\"text-align: justify\"><span id=\"yui_3_16_0_ym19_1_1477391387009_46188\"><span id=\"yui_3_16_0_ym19_1_1477391387009_46187\">Convocamos una vez m\u00e1s a adherir, sumarse y acompa\u00f1ar a los medios alternativos, populares, comunitarios y autogestivos para que el ENACOM no solo pague la deuda sino que garantice condiciones legales para la permanencia al aire de nuestros medios y cumpla con la ley.<\/span><\/span><\/div>\n<div style=\"text-align: justify\"><\/div>\n<div id=\"yui_3_16_0_ym19_1_1477391387009_46156\" style=\"text-align: justify\"><span id=\"yui_3_16_0_ym19_1_1477391387009_46189\">Por eso convocamos a movilizar para que el Gobierno Nacional:<\/span><\/div>\n<div style=\"text-align: justify\"><\/div>\n<div id=\"yui_3_16_0_ym19_1_1477391387009_46157\" style=\"text-align: justify\"><strong>&#8211; Pago de los FOMECAS Adeudados.<\/strong><\/div>\n<div id=\"yui_3_16_0_ym19_1_1477391387009_46193\" style=\"text-align: justify\"><strong><span id=\"yui_3_16_0_ym19_1_1477391387009_46192\"><span id=\"yui_3_16_0_ym19_1_1477391387009_46191\">&#8211; HABILITACION de los canales comunitarios concursados: Barricada TV, Urbana TV y Pares TV. Basta de interferencias de Canal 13.<\/span><\/span><\/strong><\/div>\n<div id=\"yui_3_16_0_ym19_1_1477391387009_46158\" style=\"text-align: justify\"><strong><span id=\"yui_3_16_0_ym19_1_1477391387009_46196\"><span id=\"yui_3_16_0_ym19_1_1477391387009_46195\">&#8211; Reconocimiento Legal y Devoluc\u00f3n de los equipos a ANTENA NEGRA TV.<\/span><\/span><\/strong><\/div>\n<div id=\"yui_3_16_0_ym19_1_1477391387009_46159\" style=\"text-align: justify\"><strong><span id=\"yui_3_16_0_ym19_1_1477391387009_46199\"><span id=\"yui_3_16_0_ym19_1_1477391387009_46198\">&#8211; Resoluci\u00f3n de los CONCURSOS pendientes para radio y televisi\u00f3n comunitarias.<\/span><\/span><\/strong><\/div>\n<div id=\"yui_3_16_0_ym19_1_1477391387009_46160\" style=\"text-align: justify\"><strong><span id=\"yui_3_16_0_ym19_1_1477391387009_46201\"><span id=\"yui_3_16_0_ym19_1_1477391387009_46200\">&#8211; Cumplimiento de la RESERVA del 33% para las sin fines de lucro y elaboraci\u00f3n del Plan T\u00e9cnico<\/span><\/span>.<\/strong><\/div>\n<div><\/div>\n<div><\/div>\n<div><strong><img loading=\"lazy\" decoding=\"async\" class=\"aligncenter wp-image-3076 size-full\" src=\"http:\/\/fmriachuelo.com.ar\/ljkjklj\/wp-content\/uploads\/2016\/10\/Archivo-24-10-16-13-28-14-1.jpeg\" alt=\"archivo-24-10-16-13-28-14\" width=\"595\" height=\"915\" \/><\/strong><\/div>\n","protected":false},"excerpt":{"rendered":"<p>[FMR 25\/10\/2016] A continuaci\u00f3n reproducimos comunicado de Interredes, espacio convocante a la movilizaci\u00f3n de ma\u00f1ana mi\u00e9rcoles, y que nuclea a redes de medios y productoras de comunicaci\u00f3n comunitaria, popular y alternativa: #ENACOMnoCumple con los medios comunitarios MI\u00c9RCOLES 26 de Octubre 16 horas TODOS Y TODAS AL ENACOM Per\u00fa 106 (CABA) Pasaron m\u00e1s de nueve meses [&hellip;]<\/p>\n","protected":false},"author":4,"featured_media":3074,"comment_status":"open","ping_status":"open","sticky":false,"template":"","format":"standard","meta":{"_monsterinsights_skip_tracking":false,"_monsterinsights_sitenote_active":false,"_monsterinsights_sitenote_note":"","_monsterinsights_sitenote_category":0,"jnews-multi-image_gallery":[],"jnews_single_post":[],"jnews_primary_category":[],"_joinchat":[],"footnotes":""},"categories":[78,76,77],"tags":[],"class_list":["post-3073","post","type-post","status-publish","format-standard","has-post-thumbnail","hentry","category-economia-popular","category-salud-comunitaria","category-soberania"],"_links":{"self":[{"href":"http:\/\/fmriachuelo.it10.com.ar\/index.php\/wp-json\/wp\/v2\/posts\/3073","targetHints":{"allow":["GET"]}}],"collection":[{"href":"http:\/\/fmriachuelo.it10.com.ar\/index.php\/wp-json\/wp\/v2\/posts"}],"about":[{"href":"http:\/\/fmriachuelo.it10.com.ar\/index.php\/wp-json\/wp\/v2\/types\/post"}],"author":[{"embeddable":true,"href":"http:\/\/fmriachuelo.it10.com.ar\/index.php\/wp-json\/wp\/v2\/users\/4"}],"replies":[{"embeddable":true,"href":"http:\/\/fmriachuelo.it10.com.ar\/index.php\/wp-json\/wp\/v2\/comments?post=3073"}],"version-history":[{"count":0,"href":"http:\/\/fmriachuelo.it10.com.ar\/index.php\/wp-json\/wp\/v2\/posts\/3073\/revisions"}],"wp:featuredmedia":[{"embeddable":true,"href":"http:\/\/fmriachuelo.it10.com.ar\/index.php\/wp-json\/"}],"wp:attachment":[{"href":"http:\/\/fmriachuelo.it10.com.ar\/index.php\/wp-json\/wp\/v2\/media?parent=3073"}],"wp:term":[{"taxonomy":"category","embeddable":true,"href":"http:\/\/fmriachuelo.it10.com.ar\/index.php\/wp-json\/wp\/v2\/categories?post=3073"},{"taxonomy":"post_tag","embeddable":true,"href":"http:\/\/fmriachuelo.it10.com.ar\/index.php\/wp-json\/wp\/v2\/tags?post=3073"}],"curies":[{"name":"wp","href":"https:\/\/api.w.org\/{rel}","templated":true}]}}