{"id":3058,"date":"2016-10-23T04:42:57","date_gmt":"2016-10-23T04:42:57","guid":{"rendered":"http:\/\/fmriachuelo.com.ar\/ljkjklj\/?p=3058"},"modified":"2016-10-23T04:42:57","modified_gmt":"2016-10-23T04:42:57","slug":"parque-lezama-asamblea-territorial-del-hormiguero","status":"publish","type":"post","link":"http:\/\/fmriachuelo.it10.com.ar\/index.php\/2016\/10\/23\/parque-lezama-asamblea-territorial-del-hormiguero\/","title":{"rendered":"PARQUE LEZAMA: ASAMBLEA TERRITORIAL DEL HORMIGUERO"},"content":{"rendered":"<p style=\"text-align: justify\">[FMR 22\/10\/16] En la tarde de hoy se multiplicaron\u00a0las asambleas de \u00abEl Hormiguero\u00bb, en distintos territorios de la Ciudad de Buenos Aires, con la intenci\u00f3n de construir propuestas de acci\u00f3n concretas. En la zona sur la asamblea se realiz\u00f3 en el Parque Lezama a las 16 hs.\u00a0Del di\u00e1logo y las experiencias compartidas surgi\u00f3 el proyecto de \u00a0realizaci\u00f3n de una jornada de producci\u00f3n colectiva que se realizar\u00e1 el pr\u00f3ximo s\u00e1bado 29 de octubre, con\u00a0un mural y encuesta popular.<\/p>\n<p style=\"text-align: justify\"><img loading=\"lazy\" decoding=\"async\" class=\"alignleft wp-image-3059 size-medium\" src=\"http:\/\/fmriachuelo.com.ar\/ljkjklj\/wp-content\/uploads\/2016\/10\/WhatsApp-Image-2016-10-22-at-17.03.14-300x169.jpeg\" alt=\"whatsapp-image-2016-10-22-at-17-03-14\" width=\"300\" height=\"169\" \/><\/p>\n<p><img loading=\"lazy\" decoding=\"async\" class=\"alignnone size-medium wp-image-3061\" src=\"http:\/\/fmriachuelo.com.ar\/ljkjklj\/wp-content\/uploads\/2016\/10\/18429019-bea9-4c81-9fd2-7aafe4e20a09-300x169.jpg\" alt=\"18429019-bea9-4c81-9fd2-7aafe4e20a09\" width=\"300\" height=\"169\" \/><\/p>\n<p style=\"text-align: justify\">A pleno sol, \u00a0en la tibia tarde del s\u00e1bado, \u00a0se fueron arrimando vecinos y habitantes de la zona sur, en gran parte pertenecientes a organizaciones territoriales de los barrios. Un di\u00e1logo fluido y de gran riqueza que permiti\u00f3 ir compartiendo las reales necesidades en los barrios populares: salud, educaci\u00f3n, adicciones, vivienda y trabajo.<\/p>\n<p style=\"text-align: justify\">A su turno fueron tomando la voz, \u00a0distintos participantes, \u00a0para contar\u00a0las \u00a0diferentes experiencias de organizaci\u00f3n colectiva\u00a0construidas para dar respuesta, a las necesidades b\u00e1sicas, \u00a0frente a\u00a0la ausencia de gesti\u00f3n del estado.\u00a0Experiencias de gesti\u00f3n territorial de barrios como: \u00a0Villa 21-24, Barracas, La Boca, de agrupaciones como Boca es Pueblo y\u00a0la Asamblea del Parque Lezama, de organizaci\u00f3n cooperativa para gestionar la vivienda, de organizaci\u00f3n de las necesidades en salud con temas como el Paco, gesti\u00f3n en educaci\u00f3n popular, \u00a0entre otras que se hicieron oir. \u00a0\u00abLuchadoras y luchadores que gestionan una vida mejor y m\u00e1s digna\u00bb se escuch\u00f3 decir.<\/p>\n<p style=\"text-align: justify\">Compartir experiencias territoriales, \u00a0fue el punto de partida, \u00a0para construir la propuesta de una \u201cjornada de producci\u00f3n colectiva\u201d en donde se realizar\u00e1 un mural como medio de difusi\u00f3n, \u00a0que permita plasmar \u00a0nuestras necesidades y derechos. Al mismo tiempo se realizar\u00e1 una encuesta popular entre vecinos y habitantes para confeccionar\u00a0un mapeo que permita tomar contacto con las reales necesidades del pueblo, que no tienen difusi\u00f3n ni registro. La cita ser\u00e1 el pr\u00f3ximo s\u00e1bado 29 de octubre en el barrio de La Boca.<\/p>\n<p>&nbsp;<\/p>\n","protected":false},"excerpt":{"rendered":"<p>[FMR 22\/10\/16] En la tarde de hoy se multiplicaron\u00a0las asambleas de \u00abEl Hormiguero\u00bb, en distintos territorios de la Ciudad de Buenos Aires, con la intenci\u00f3n de construir propuestas de acci\u00f3n concretas. En la zona sur la asamblea se realiz\u00f3 en el Parque Lezama a las 16 hs.\u00a0Del di\u00e1logo y las experiencias compartidas surgi\u00f3 el proyecto [&hellip;]<\/p>\n","protected":false},"author":4,"featured_media":3059,"comment_status":"open","ping_status":"open","sticky":false,"template":"","format":"standard","meta":{"_monsterinsights_skip_tracking":false,"_monsterinsights_sitenote_active":false,"_monsterinsights_sitenote_note":"","_monsterinsights_sitenote_category":0,"jnews-multi-image_gallery":[],"jnews_single_post":[],"jnews_primary_category":[],"_joinchat":[],"footnotes":""},"categories":[78,76,74,77,75],"tags":[],"class_list":["post-3058","post","type-post","status-publish","format-standard","has-post-thumbnail","hentry","category-economia-popular","category-salud-comunitaria","category-san-cayetano","category-soberania","category-trabajo"],"_links":{"self":[{"href":"http:\/\/fmriachuelo.it10.com.ar\/index.php\/wp-json\/wp\/v2\/posts\/3058","targetHints":{"allow":["GET"]}}],"collection":[{"href":"http:\/\/fmriachuelo.it10.com.ar\/index.php\/wp-json\/wp\/v2\/posts"}],"about":[{"href":"http:\/\/fmriachuelo.it10.com.ar\/index.php\/wp-json\/wp\/v2\/types\/post"}],"author":[{"embeddable":true,"href":"http:\/\/fmriachuelo.it10.com.ar\/index.php\/wp-json\/wp\/v2\/users\/4"}],"replies":[{"embeddable":true,"href":"http:\/\/fmriachuelo.it10.com.ar\/index.php\/wp-json\/wp\/v2\/comments?post=3058"}],"version-history":[{"count":0,"href":"http:\/\/fmriachuelo.it10.com.ar\/index.php\/wp-json\/wp\/v2\/posts\/3058\/revisions"}],"wp:featuredmedia":[{"embeddable":true,"href":"http:\/\/fmriachuelo.it10.com.ar\/index.php\/wp-json\/"}],"wp:attachment":[{"href":"http:\/\/fmriachuelo.it10.com.ar\/index.php\/wp-json\/wp\/v2\/media?parent=3058"}],"wp:term":[{"taxonomy":"category","embeddable":true,"href":"http:\/\/fmriachuelo.it10.com.ar\/index.php\/wp-json\/wp\/v2\/categories?post=3058"},{"taxonomy":"post_tag","embeddable":true,"href":"http:\/\/fmriachuelo.it10.com.ar\/index.php\/wp-json\/wp\/v2\/tags?post=3058"}],"curies":[{"name":"wp","href":"https:\/\/api.w.org\/{rel}","templated":true}]}}