{"id":3055,"date":"2016-10-22T03:27:34","date_gmt":"2016-10-22T03:27:34","guid":{"rendered":"http:\/\/fmriachuelo.com.ar\/ljkjklj\/?p=3055"},"modified":"2016-10-22T03:27:34","modified_gmt":"2016-10-22T03:27:34","slug":"caba-toman-ministerio-de-desarrollo-social-por-politicas-publicas-para-los-mas-necesitados","status":"publish","type":"post","link":"http:\/\/fmriachuelo.it10.com.ar\/index.php\/2016\/10\/22\/caba-toman-ministerio-de-desarrollo-social-por-politicas-publicas-para-los-mas-necesitados\/","title":{"rendered":"CABA: TOMAN MINISTERIO DE DESARROLLO SOCIAL POR POL\u00cdTICAS P\u00daBLICAS PARA LOS M\u00c1S NECESITADOS"},"content":{"rendered":"<p style=\"text-align: justify\">[FMR 22\/10\/16] Trabajadores y trabajadoras de las organizaciones Frente Popular Dar\u00edo Santill\u00e1n y de Barrios de Pie, tomaron la sede del Ministerio de Desarrollo Social Porte\u00f1o en demanda del cumplimiento de las promesas que sistem\u00e1ticamente se vienen incumpliendo, por parte del ejecutivo de la ciudad.<\/p>\n<p>Esta tarde entrevistamos a Dina Sanchez del FPDS, en Romp\u00e9 el Cerco informativo, que nos dec\u00eda lo siguiente:<\/p>\n<p>Reproducimos comunicado:<\/p>\n<p>EMERGENCIA SOCIAL YA!<\/p>\n<p>Desde el Frente Popular Dar\u00edo Santill\u00e1n y Barrios de Pie nos hacemos presente nuevamente para exigirle a la Ministra de Desarrollo Social Guadalupe Tagliaferri que implemente pol\u00edticas publicas que ayuden a paliar la grave situaci\u00f3n en la que se encuentran los sectores mas golpeados por la inflaci\u00f3n y la falta de trabajo.<\/p>\n<p>Hace una semana realizamos la caravana de la desigualdad reclamando por los barrios m\u00e1s excluidos de la ciudad. Hoy exigimos que cumpla con la promesa de puestos de trabajo y dem\u00e1s acuerdos.<\/p>\n<p>Contactos prensa:<br \/>\n154.089.1074\/ 154.184.7194<\/p>\n<p>Ante un panorama de despidos y ajuste en todo el pa\u00eds, que deja a los sectores humildes a\u00fan m\u00e1s marginados, frente a la promesa de campa\u00f1a hecha por el Presidente de la Naci\u00f3n de avanzar en el eje de \u00abPobreza Cero\u00bb y la constituci\u00f3n de 2 millones de pobres nuevos, las miles de familias que nos encontramos por debajo de la l\u00ednea de pobreza y que, con la devaluaci\u00f3n, el aumento de las tarifas de los servicios p\u00fablicos, de los alimentos y del transporte, estamos cada vez m\u00e1s lejos de llegar a la canasta b\u00e1sica y cubrir las necesidades elementales de cualquier ser humano, necesitamos una respuesta concreta con hechos concretos: exigimos que se impulse la Emergencia Social en Capital Federal, ya que el Gobierno porte\u00f1o poco ha hecho para defender el ingreso familiar y el trabajo de los vecinos. Rodr\u00edguez Larreta deber\u00eda tomar en cuenta nuestras propuestas para paliar la crisis social que tambi\u00e9n se siente en los barrios humildes del distrito que gestiona.<br \/>\n.<br \/>\nHoy nos encontramos en la necesidad de realizar esta medida debido al silencio que tanto Tagliaferri como Larreta mantienen sobre nuestras necesidades y reclamos.<\/p>\n<p>Exigimos trabajo digno<\/p>\n<p>Emergencia Social Ya!<\/p>\n<p>&nbsp;<\/p>\n","protected":false},"excerpt":{"rendered":"<p>[FMR 22\/10\/16] Trabajadores y trabajadoras de las organizaciones Frente Popular Dar\u00edo Santill\u00e1n y de Barrios de Pie, tomaron la sede del Ministerio de Desarrollo Social Porte\u00f1o en demanda del cumplimiento de las promesas que sistem\u00e1ticamente se vienen incumpliendo, por parte del ejecutivo de la ciudad. Esta tarde entrevistamos a Dina Sanchez del FPDS, en Romp\u00e9 [&hellip;]<\/p>\n","protected":false},"author":4,"featured_media":3056,"comment_status":"open","ping_status":"open","sticky":false,"template":"","format":"standard","meta":{"_monsterinsights_skip_tracking":false,"_monsterinsights_sitenote_active":false,"_monsterinsights_sitenote_note":"","_monsterinsights_sitenote_category":0,"jnews-multi-image_gallery":[],"jnews_single_post":[],"jnews_primary_category":[],"_joinchat":[],"footnotes":""},"categories":[78,75],"tags":[],"class_list":["post-3055","post","type-post","status-publish","format-standard","has-post-thumbnail","hentry","category-economia-popular","category-trabajo"],"_links":{"self":[{"href":"http:\/\/fmriachuelo.it10.com.ar\/index.php\/wp-json\/wp\/v2\/posts\/3055","targetHints":{"allow":["GET"]}}],"collection":[{"href":"http:\/\/fmriachuelo.it10.com.ar\/index.php\/wp-json\/wp\/v2\/posts"}],"about":[{"href":"http:\/\/fmriachuelo.it10.com.ar\/index.php\/wp-json\/wp\/v2\/types\/post"}],"author":[{"embeddable":true,"href":"http:\/\/fmriachuelo.it10.com.ar\/index.php\/wp-json\/wp\/v2\/users\/4"}],"replies":[{"embeddable":true,"href":"http:\/\/fmriachuelo.it10.com.ar\/index.php\/wp-json\/wp\/v2\/comments?post=3055"}],"version-history":[{"count":0,"href":"http:\/\/fmriachuelo.it10.com.ar\/index.php\/wp-json\/wp\/v2\/posts\/3055\/revisions"}],"wp:featuredmedia":[{"embeddable":true,"href":"http:\/\/fmriachuelo.it10.com.ar\/index.php\/wp-json\/"}],"wp:attachment":[{"href":"http:\/\/fmriachuelo.it10.com.ar\/index.php\/wp-json\/wp\/v2\/media?parent=3055"}],"wp:term":[{"taxonomy":"category","embeddable":true,"href":"http:\/\/fmriachuelo.it10.com.ar\/index.php\/wp-json\/wp\/v2\/categories?post=3055"},{"taxonomy":"post_tag","embeddable":true,"href":"http:\/\/fmriachuelo.it10.com.ar\/index.php\/wp-json\/wp\/v2\/tags?post=3055"}],"curies":[{"name":"wp","href":"https:\/\/api.w.org\/{rel}","templated":true}]}}