{"id":3048,"date":"2016-10-22T02:30:03","date_gmt":"2016-10-22T02:30:03","guid":{"rendered":"http:\/\/fmriachuelo.com.ar\/ljkjklj\/?p=3048"},"modified":"2016-10-22T02:30:03","modified_gmt":"2016-10-22T02:30:03","slug":"movilizacion-de-trabajadores-de-la-economia-popular-al-ministerio-de-trabajo","status":"publish","type":"post","link":"http:\/\/fmriachuelo.it10.com.ar\/index.php\/2016\/10\/22\/movilizacion-de-trabajadores-de-la-economia-popular-al-ministerio-de-trabajo\/","title":{"rendered":"MOVILIZACI\u00d3N DE TRABAJADORES DE LA ECONOM\u00cdA POPULAR AL MINISTERIO DE TRABAJO"},"content":{"rendered":"<p style=\"text-align: justify\">[FMR 21\/10\/16] Multitudinaria movilizaci\u00f3n realizaron los trabajadores de la econom\u00eda popular nucleados en la CTEP, desde el Obelisco hasta el Ministerio de Trabajo de la Naci\u00f3n. Las demandas al ministerio: que se declare la\u00a0Emergencia Social, \u00a0que se otorgue la personer\u00eda gremial definitiva,\u00a0el salario social complementario y exigencia\u00a0que ning\u00fan trabajador y trabajadora est\u00e9 por debajo de la linea de pobreza. Como resultado de la importante movilizaci\u00f3n se alcanz\u00f3 un compromiso de acuerdo, que se formalizar\u00e1\u00a0el proximo d\u00eda martes 24,\u00a0\u00a0en el Ministerio de Trabajo de la Naci\u00f3n, que si bien no son suficientes, ayudar\u00e1n a enfrentar\u00a0la dif\u00edcil situaci\u00f3n.<\/p>\n<p style=\"text-align: justify\"><img loading=\"lazy\" decoding=\"async\" class=\"alignnone wp-image-3050 size-full\" src=\"http:\/\/fmriachuelo.com.ar\/ljkjklj\/wp-content\/uploads\/2016\/10\/14690857_2121427858081433_3385644684302264350_n.jpg\" alt=\"14690857_2121427858081433_3385644684302264350_n\" width=\"960\" height=\"540\" \/><\/p>\n<p style=\"text-align: justify\">Una importante\u00a0columna de trabajadores de la econom\u00eda popular, nucleados en la Confederaci\u00f3n de Trabajadores de la Econom\u00eda Popular, CTEP, se movilizaron frente a las pol\u00edticas de ajuste del gobierno y en demanda de reivindicaciones para el sector m\u00e1s vulnerable de la sociedad. Las\u00a0\u00a0trabajadoras y trabajadores de la econom\u00eda popular, frente a la dificil situaci\u00f3n que se vive exigen que: 1- Se declare la Emergencia Social para el sector 2 &#8211; Se le otorgue la personer\u00eda gremial definitiva a la CTEP que le permitir\u00e1 discutir sobre\u00a0el leg\u00edtimo derecho laboral para los trabajadores del sector 3 &#8211; El salario social complementario para las y los trabajadores del sector 4 &#8211; Para exigir que ning\u00fan trabajador y trabajadora est\u00e9n por debajo de la linea de pobreza.<\/p>\n<p style=\"text-align: justify\">Una innumerable cantidad de personas, que se prolongaba por la Av. Corrientes, desde el Obelisco march\u00f3 de manera pac\u00edfica, enarbolando sus banderas para reivindicar su leg\u00edtimo derecho laboral y para garantizar condiciones m\u00ednimas que permitan la subsistencia.<\/p>\n<p style=\"text-align: justify\">Como resultado de la masiva movilizaci\u00f3n se alcanz\u00f3 un acuerdo con el Ministerio de Trabajo, que se firmar\u00e1 el proximo martes 24 de octubre. Entre las conquistas alcanzadas se halla:\u00a05000 puestos en construir empleo,\u00a0<span class=\"text_exposed_show\">5000 salarios sociales complementarios y apertura del registro de reconocimiento para las cooperativas del interior del pa\u00eds.<br \/>\nReferentes de las organizaciones participantes como Rafa Klejzer, M.P. La Dignidad y Luciano Alvarez, O.S.y P. Los Pibes, coincidieron en reconocer una gran victoria conquistada \u00a0por \u00a0la lucha y la movilizaci\u00f3n en unidad de los trabajadores del sector de la econom\u00eda popular.<\/span><\/p>\n","protected":false},"excerpt":{"rendered":"<p>[FMR 21\/10\/16] Multitudinaria movilizaci\u00f3n realizaron los trabajadores de la econom\u00eda popular nucleados en la CTEP, desde el Obelisco hasta el Ministerio de Trabajo de la Naci\u00f3n. Las demandas al ministerio: que se declare la\u00a0Emergencia Social, \u00a0que se otorgue la personer\u00eda gremial definitiva,\u00a0el salario social complementario y exigencia\u00a0que ning\u00fan trabajador y trabajadora est\u00e9 por debajo de [&hellip;]<\/p>\n","protected":false},"author":4,"featured_media":3049,"comment_status":"open","ping_status":"open","sticky":false,"template":"","format":"standard","meta":{"_monsterinsights_skip_tracking":false,"_monsterinsights_sitenote_active":false,"_monsterinsights_sitenote_note":"","_monsterinsights_sitenote_category":0,"jnews-multi-image_gallery":[],"jnews_single_post":[],"jnews_primary_category":[],"_joinchat":[],"footnotes":""},"categories":[78,76,75],"tags":[],"class_list":["post-3048","post","type-post","status-publish","format-standard","has-post-thumbnail","hentry","category-economia-popular","category-salud-comunitaria","category-trabajo"],"_links":{"self":[{"href":"http:\/\/fmriachuelo.it10.com.ar\/index.php\/wp-json\/wp\/v2\/posts\/3048","targetHints":{"allow":["GET"]}}],"collection":[{"href":"http:\/\/fmriachuelo.it10.com.ar\/index.php\/wp-json\/wp\/v2\/posts"}],"about":[{"href":"http:\/\/fmriachuelo.it10.com.ar\/index.php\/wp-json\/wp\/v2\/types\/post"}],"author":[{"embeddable":true,"href":"http:\/\/fmriachuelo.it10.com.ar\/index.php\/wp-json\/wp\/v2\/users\/4"}],"replies":[{"embeddable":true,"href":"http:\/\/fmriachuelo.it10.com.ar\/index.php\/wp-json\/wp\/v2\/comments?post=3048"}],"version-history":[{"count":0,"href":"http:\/\/fmriachuelo.it10.com.ar\/index.php\/wp-json\/wp\/v2\/posts\/3048\/revisions"}],"wp:featuredmedia":[{"embeddable":true,"href":"http:\/\/fmriachuelo.it10.com.ar\/index.php\/wp-json\/"}],"wp:attachment":[{"href":"http:\/\/fmriachuelo.it10.com.ar\/index.php\/wp-json\/wp\/v2\/media?parent=3048"}],"wp:term":[{"taxonomy":"category","embeddable":true,"href":"http:\/\/fmriachuelo.it10.com.ar\/index.php\/wp-json\/wp\/v2\/categories?post=3048"},{"taxonomy":"post_tag","embeddable":true,"href":"http:\/\/fmriachuelo.it10.com.ar\/index.php\/wp-json\/wp\/v2\/tags?post=3048"}],"curies":[{"name":"wp","href":"https:\/\/api.w.org\/{rel}","templated":true}]}}