{"id":3041,"date":"2016-10-20T01:34:55","date_gmt":"2016-10-20T01:34:55","guid":{"rendered":"http:\/\/fmriachuelo.com.ar\/ljkjklj\/?p=3041"},"modified":"2016-10-20T01:34:55","modified_gmt":"2016-10-20T01:34:55","slug":"paro-y-movilizacion-de-mujeres-contra-la-violencia-de-genero","status":"publish","type":"post","link":"http:\/\/fmriachuelo.it10.com.ar\/index.php\/2016\/10\/20\/paro-y-movilizacion-de-mujeres-contra-la-violencia-de-genero\/","title":{"rendered":"PARO Y MOVILIZACI\u00d3N DE MUJERES CONTRA LA VIOLENCIA DE G\u00c9NERO"},"content":{"rendered":"<p style=\"text-align: justify\">[FMR 20\/10\/16] Una multitudinaria respuesta tuvo la convocatoria al Paro y Movilizaci\u00f3n de Mujeres contra la violencia de g\u00e9nero, representada por\u00a0consignas como: #NiUnaMenos #VivasNosQueremos, que se realiz\u00f3 con una actividad central en la Ciudad de Buenos Aires, al mismo tiempo que se replicaba en distintos lugares del pa\u00eds y hasta de la Patria Grande. Tambi\u00e9n una gran cantidad de hombres se hicieron presentes en\u00a0la movilizaci\u00f3n, para reivindicar y legitimar la lucha contra la violencia que recae sobre las mujeres.<\/p>\n<p style=\"text-align: justify\">El colectivo de <span style=\"color: #ff0000\"><strong>Fm Riachuelo<\/strong> <\/span>particip\u00f3 de la movilizaci\u00f3n, escuch\u00e1 a continuaci\u00f3n algunas voces de\u00a0ellas y ellos:<\/p>\n<p style=\"text-align: justify\">La convocatoria a la movilizaci\u00f3n tuvo una r\u00e1pida respuesta, a partir de la resonancia que adquiri\u00f3 el aberrante crimen de \u00a0Luc\u00eda, la j\u00f3ven que viv\u00eda en la ciudad de Mar del Plata. Bajo la convocatoria #NosotrasParamos, \u00a0a realizarse a las 13 hs. en cada lugar de trabajo, las mujeres decidieron suspender sus tareas y manifestarse. Tal lo que ocurri\u00f3 en el barrio de La Boca, con\u00a0las trabajadoras del Puente Nicol\u00e1s Avellaneda junto a militantes de organizaciones territoriales, que respondiendo a la consigna #MiercolesNegro se preparaban para asistir a la marcha.<\/p>\n<p style=\"text-align: justify\"><img loading=\"lazy\" decoding=\"async\" class=\"wp-image-3042 size-full aligncenter\" src=\"http:\/\/fmriachuelo.com.ar\/ljkjklj\/wp-content\/uploads\/2016\/10\/14731384_1179068158815064_4776072976822598465_n.jpg\" alt=\"14731384_1179068158815064_4776072976822598465_n\" width=\"480\" height=\"270\" \/><\/p>\n<p style=\"text-align: justify\">Desde el Obelisco hasta Plaza de Mayo se congreron miles de mujeres que luchan por la justicia para las mujeres, \u00a0que diariamente se ven violentadas por su condici\u00f3n.\u00a0En lo que transcurre del mes de octubre se contabilizan ya 20 asesinatos de mujeres. Tambi\u00e9n se reivindic\u00f3 el derecho al aborto legal y seguro, el derecho de travestis y transexuales, entre las demandas m\u00e1s importantes. Tambi\u00e9n en otros lugares del pa\u00eds y de la Patria Grande se replic\u00f3 la iniciativa por el derecho de las mujeres.<\/p>\n","protected":false},"excerpt":{"rendered":"<p>[FMR 20\/10\/16] Una multitudinaria respuesta tuvo la convocatoria al Paro y Movilizaci\u00f3n de Mujeres contra la violencia de g\u00e9nero, representada por\u00a0consignas como: #NiUnaMenos #VivasNosQueremos, que se realiz\u00f3 con una actividad central en la Ciudad de Buenos Aires, al mismo tiempo que se replicaba en distintos lugares del pa\u00eds y hasta de la Patria Grande. Tambi\u00e9n [&hellip;]<\/p>\n","protected":false},"author":4,"featured_media":3044,"comment_status":"open","ping_status":"open","sticky":false,"template":"","format":"standard","meta":{"_monsterinsights_skip_tracking":false,"_monsterinsights_sitenote_active":false,"_monsterinsights_sitenote_note":"","_monsterinsights_sitenote_category":0,"jnews-multi-image_gallery":[],"jnews_single_post":[],"jnews_primary_category":[],"_joinchat":[],"footnotes":""},"categories":[78],"tags":[],"class_list":["post-3041","post","type-post","status-publish","format-standard","has-post-thumbnail","hentry","category-economia-popular"],"_links":{"self":[{"href":"http:\/\/fmriachuelo.it10.com.ar\/index.php\/wp-json\/wp\/v2\/posts\/3041","targetHints":{"allow":["GET"]}}],"collection":[{"href":"http:\/\/fmriachuelo.it10.com.ar\/index.php\/wp-json\/wp\/v2\/posts"}],"about":[{"href":"http:\/\/fmriachuelo.it10.com.ar\/index.php\/wp-json\/wp\/v2\/types\/post"}],"author":[{"embeddable":true,"href":"http:\/\/fmriachuelo.it10.com.ar\/index.php\/wp-json\/wp\/v2\/users\/4"}],"replies":[{"embeddable":true,"href":"http:\/\/fmriachuelo.it10.com.ar\/index.php\/wp-json\/wp\/v2\/comments?post=3041"}],"version-history":[{"count":0,"href":"http:\/\/fmriachuelo.it10.com.ar\/index.php\/wp-json\/wp\/v2\/posts\/3041\/revisions"}],"wp:featuredmedia":[{"embeddable":true,"href":"http:\/\/fmriachuelo.it10.com.ar\/index.php\/wp-json\/"}],"wp:attachment":[{"href":"http:\/\/fmriachuelo.it10.com.ar\/index.php\/wp-json\/wp\/v2\/media?parent=3041"}],"wp:term":[{"taxonomy":"category","embeddable":true,"href":"http:\/\/fmriachuelo.it10.com.ar\/index.php\/wp-json\/wp\/v2\/categories?post=3041"},{"taxonomy":"post_tag","embeddable":true,"href":"http:\/\/fmriachuelo.it10.com.ar\/index.php\/wp-json\/wp\/v2\/tags?post=3041"}],"curies":[{"name":"wp","href":"https:\/\/api.w.org\/{rel}","templated":true}]}}