{"id":3023,"date":"2016-10-18T12:01:16","date_gmt":"2016-10-18T12:01:16","guid":{"rendered":"http:\/\/fmriachuelo.com.ar\/ljkjklj\/?p=3023"},"modified":"2016-10-18T12:01:16","modified_gmt":"2016-10-18T12:01:16","slug":"ctep-se-lanzo-la-mesa-gremial-19-y-20","status":"publish","type":"post","link":"http:\/\/fmriachuelo.it10.com.ar\/index.php\/2016\/10\/18\/ctep-se-lanzo-la-mesa-gremial-19-y-20\/","title":{"rendered":"CTEP: SE LANZO LA \u00abMESA GREMIAL 19 y 20\u00bb"},"content":{"rendered":"<p>[FMR 18\/10\/2016] El lunes se lanz\u00f3 la corriente sindical \u00ab19 y 20\u00bb de la CTEP, \u00a0desde la fabrica recuperada IMPA, con la participaci\u00f3n de un importante n\u00famero de distintas\u00a0organizaciones que se suman a esta construcci\u00f3n. Cont\u00f3 con distintas voces que se hicieron oir.<\/p>\n<p style=\"text-align: justify\">Ayer por la tarde, en el tercer piso de la f\u00e1brica recuperada IMPA, se reunieron referentes y militantes del Frente de Desocupados Eva Per\u00f3n, de la OLP-Sim\u00f3n Bolivar, de las organizaciones Los Pibes de La Boca, De Frente de M\u00e1ximo Paz, de la Cooperativa Coopechas de Pipinas, y del Movimiento Pedro Pablo Turner entre otras organizaciones. El motivo del encuentro era el lanzamiento de la Mesa Gremial 19 y 20, en alusi\u00f3n al Argentinazo del 19 y 20 de diciembre de 2001, que pretende llevar a la Mesa Nacional de la Confederaci\u00f3n de Trabajadores de la Econom\u00eda Popular (CTEP) una agenda de trabajo consensuada por las organizaciones participantes.<\/p>\n<p><img loading=\"lazy\" decoding=\"async\" class=\"aligncenter wp-image-3033 size-large\" src=\"http:\/\/fmriachuelo.com.ar\/ljkjklj\/wp-content\/uploads\/2016\/10\/puebla-1024x732.jpg\" alt=\"puebla\" width=\"640\" height=\"458\" \/><\/p>\n<p>Entre mates, el centenar de asistentes en el imponente edificio fabril de Almagro, comenz\u00f3 escuchando a Lito Borello, Coordinador Nacional de la Organizaci\u00f3n Los Pibes, quien ubic\u00f3 la necesidad de la Mesa en el contexto hist\u00f3rico donde nos encontramos: \u00abel capitalismo no va a generar los puestos de trabajo que necesitamos, la econom\u00eda popular lleg\u00f3 para quedarse y en ella germinan las formas que inventa nuestro Pueblo de\u00a0construir un mundo que merezca ser vivido\u00bb. M\u00e1s adelante, Borello precis\u00f3: \u00abesta iniciativa no es contra nadie. Al contrario, vamos a propiciar la unidad, construyendo por consenso, y llevando adelante debates que sirvan para fortalecer la CTEP\u00bb.<\/p>\n<p><img loading=\"lazy\" decoding=\"async\" class=\"size-medium wp-image-3030 alignleft\" src=\"http:\/\/fmriachuelo.com.ar\/ljkjklj\/wp-content\/uploads\/2016\/10\/marta-1-300x225.jpg\" alt=\"marta\" width=\"300\" height=\"225\" \/>La jornada estuvo marcada por la emblem\u00e1tica fecha del 17 de octubre a la que el coordinador de Los Pibes tambi\u00e9n hizo referencia: \u00abreivindicamos el 17 de octubre porque es parte de aquellos momentos de la historia cuando los Pueblos se hacen cargo de su futuro. Las patas en la fuente: los momentos fuertes de la historia se producen con Pueblo organizado en la calle\u00bb. A las referencias hist\u00f3ricas tambi\u00e9n recurri\u00f3 Dar\u00edo Zafal\u00f3n, del Frente de Desocupados Eva Per\u00f3n: \u00abno imagin\u00e1bamos que fueramos a tener que volver a darle impulso a la organizaci\u00f3n en los territorios, desde la CTEP y la Mesa Gremial queremos construir un frente de lucha desde los territorios\u00bb.<\/p>\n<p>Por su parte, Pablo Puebla de la OLP-Sim\u00f3n Bolivar, tambi\u00e9n record\u00f3 que su organizaci\u00f3n hab\u00eda nacido en el 2002 en el IMPA y se\u00f1al\u00f3: \u00abtenemos que irnos de ac\u00e1 con dos tareas. La primera, todav\u00eda hay m\u00e1s organizaciones afuera de la CTEP que adentro. Tenemos que explicarle a esos compa\u00f1eros que solos les va a costar todav\u00eda m\u00e1s. La segunda tarea, tenemos que invitar a otras expresiones y compa\u00f1eros de la CTEP a democratizar la participaci\u00f3n para que se fortalezca la CTEP\u00bb.<\/p>\n<p><img loading=\"lazy\" decoding=\"async\" class=\"aligncenter wp-image-3032 size-large\" src=\"http:\/\/fmriachuelo.com.ar\/ljkjklj\/wp-content\/uploads\/2016\/10\/pibesss-1024x318.jpg\" alt=\"pibesss\" width=\"640\" height=\"199\" \/><\/p>\n<p>En la presentaci\u00f3n tambi\u00e9n hicieron uso de la palabra el Negro Morales, de Coopechas; Valeria Gracia, del Espacio Comunitario Pacheco-Voluntario Global; Marta Ferraro, de la agrupaci\u00f3n De Frente de M\u00e1ximo Paz; Luciano Alvarez, del Paseo de la Econom\u00eda Popular Mart\u00edn Oso Cisneros y Nadia Martinez, de la FM Riachuelo. En el cierre, nuevamente a cargo de Lito Borello, qued\u00f3 planteado un nuevo encuentro en tres semanas, pero que adoptando la modalidad de talleres o mesas de debate, permita elaborar un plan de acci\u00f3n concreto para el trabajo de la Mesa\u00bb.<\/p>\n","protected":false},"excerpt":{"rendered":"<p>[FMR 18\/10\/2016] El lunes se lanz\u00f3 la corriente sindical \u00ab19 y 20\u00bb de la CTEP, \u00a0desde la fabrica recuperada IMPA, con la participaci\u00f3n de un importante n\u00famero de distintas\u00a0organizaciones que se suman a esta construcci\u00f3n. Cont\u00f3 con distintas voces que se hicieron oir. Ayer por la tarde, en el tercer piso de la f\u00e1brica recuperada [&hellip;]<\/p>\n","protected":false},"author":4,"featured_media":3029,"comment_status":"open","ping_status":"open","sticky":false,"template":"","format":"standard","meta":{"_monsterinsights_skip_tracking":false,"_monsterinsights_sitenote_active":false,"_monsterinsights_sitenote_note":"","_monsterinsights_sitenote_category":0,"jnews-multi-image_gallery":[],"jnews_single_post":[],"jnews_primary_category":[],"_joinchat":[],"footnotes":""},"categories":[78,76,75],"tags":[],"class_list":["post-3023","post","type-post","status-publish","format-standard","has-post-thumbnail","hentry","category-economia-popular","category-salud-comunitaria","category-trabajo"],"_links":{"self":[{"href":"http:\/\/fmriachuelo.it10.com.ar\/index.php\/wp-json\/wp\/v2\/posts\/3023","targetHints":{"allow":["GET"]}}],"collection":[{"href":"http:\/\/fmriachuelo.it10.com.ar\/index.php\/wp-json\/wp\/v2\/posts"}],"about":[{"href":"http:\/\/fmriachuelo.it10.com.ar\/index.php\/wp-json\/wp\/v2\/types\/post"}],"author":[{"embeddable":true,"href":"http:\/\/fmriachuelo.it10.com.ar\/index.php\/wp-json\/wp\/v2\/users\/4"}],"replies":[{"embeddable":true,"href":"http:\/\/fmriachuelo.it10.com.ar\/index.php\/wp-json\/wp\/v2\/comments?post=3023"}],"version-history":[{"count":0,"href":"http:\/\/fmriachuelo.it10.com.ar\/index.php\/wp-json\/wp\/v2\/posts\/3023\/revisions"}],"wp:featuredmedia":[{"embeddable":true,"href":"http:\/\/fmriachuelo.it10.com.ar\/index.php\/wp-json\/"}],"wp:attachment":[{"href":"http:\/\/fmriachuelo.it10.com.ar\/index.php\/wp-json\/wp\/v2\/media?parent=3023"}],"wp:term":[{"taxonomy":"category","embeddable":true,"href":"http:\/\/fmriachuelo.it10.com.ar\/index.php\/wp-json\/wp\/v2\/categories?post=3023"},{"taxonomy":"post_tag","embeddable":true,"href":"http:\/\/fmriachuelo.it10.com.ar\/index.php\/wp-json\/wp\/v2\/tags?post=3023"}],"curies":[{"name":"wp","href":"https:\/\/api.w.org\/{rel}","templated":true}]}}