{"id":2989,"date":"2016-10-11T18:40:51","date_gmt":"2016-10-11T18:40:51","guid":{"rendered":"http:\/\/fmriachuelo.com.ar\/ljkjklj\/?p=2989"},"modified":"2016-10-11T18:40:51","modified_gmt":"2016-10-11T18:40:51","slug":"avanza-la-ley-nacional-de-habitat-por-autogestion","status":"publish","type":"post","link":"http:\/\/fmriachuelo.it10.com.ar\/index.php\/2016\/10\/11\/avanza-la-ley-nacional-de-habitat-por-autogestion\/","title":{"rendered":"AVANZA LA LEY NACIONAL DE HABITAT POR AUTOGESTION"},"content":{"rendered":"<div id=\"yiv7034057674yui_3_16_0_ym19_1_1475149358719_50623\">\n<div style=\"text-align: justify\">[FMR 11\/10\/2016] En el marco del debate que se lleva adelante en la C\u00e1mara de Diputados de la Naci\u00f3n sobre el proyecto de \u201cLey Nacional de Producci\u00f3n Social Autogestionaria del H\u00e1bitat Popular\u201d, <a href=\"http:\/\/fmriachuelo.com.ar\/ljkjklj\/blog\/2016\/10\/04\/3-de-octubre-dia-mundial-del-habitat-por-el-acceso-a-un-legitimo-derecho\/\" target=\"_blank\" rel=\"noopener\">presentado por un numeroso conjunto de organizaciones de H\u00e1bitat el pasado lunes 3 de octubre en un acto callejero frente al Congreso de la Naci\u00f3n<\/a>, se desarroll\u00f3 hoy al mediod\u00eda una visita a Cooperativas de Vivienda de Barracas y La Boca que culmin\u00f3 con una reuni\u00f3n de trabajo en la que participaron una delegaci\u00f3n multipartidaria de legisladores nacionales, funcionarios del Ejecutivo nacional y porte\u00f1o, y referentes de las organizaciones populares que elaboraron e impulsaron la ley.<\/div>\n<div style=\"text-align: justify\"><\/div>\n<div style=\"text-align: justify\"><\/div>\n<div style=\"text-align: justify\"><\/div>\n<div style=\"text-align: justify\"><\/div>\n<div style=\"text-align: justify\">La Visita comenz\u00f3 en la Cooperativa la F\u00e1brica del Movimiento de Ocupantes e Inquilinos (MOI) &#8211; Cta Aut\u00f3noma y culmin\u00f3 en la Cooperativa de Vivienda Los Pibes (COVILPI) &#8211; CTEP. Ambas experiencias de Vivienda Popular pertenecen al colectivo de organizaciones que tras d\u00e9cadas de lucha por la Vivienda Digna conquist\u00f3 en el a\u00f1o 2000 la sanci\u00f3n de la ley 341 en la CABA, modelo del actual proyecto de Ley Nacional inspirado tambi\u00e9n en la experiencia de las cooperativas uruguayas pertenecientes a la Federaci\u00f3n Uruguaya de Cooperativas de vivienda por Ayuda Mutua (FUCVAM).<\/div>\n<div style=\"text-align: justify\"><\/div>\n<div style=\"text-align: justify\"><\/div>\n<div style=\"text-align: justify\"><img loading=\"lazy\" decoding=\"async\" class=\"aligncenter wp-image-2991 size-medium\" src=\"http:\/\/fmriachuelo.com.ar\/ljkjklj\/wp-content\/uploads\/2016\/10\/EN-CASA-300x225.jpg\" alt=\"en-casa\" width=\"300\" height=\"225\" \/><\/div>\n<\/div>\n<div><\/div>\n<div id=\"yiv7034057674yui_3_16_0_ym19_1_1475149358719_50673\" style=\"text-align: justify\">\n<div>Para dar cierre a la visita, la delegaci\u00f3n de funcionarios y los referentes de las organizaciones se reunieron en el SUM de la Cooperativa COVILPI donde intercambiaron sobre distintos aspectos de la legislaci\u00f3n y sobre la necesidad de que la ley sea aprobada con el presupuesto necesario durante el corriente a\u00f1o, para que el a\u00f1o entrante se pueda comenzar la construcci\u00f3n de las viviendas que permita a los sectores populares \u00a0acceder a la Vivienda Digna y al H\u00e1bitat de manera organizada y autogestionaria, logro para el cual las organizaciones prometieron dar pelea.<\/div>\n<div><\/div>\n<div><\/div>\n<div><span style=\"font-family: verdana, sans-serif\">\u00a0<\/span><\/div>\n<div>Participaron en la visita y el encuentro de trabajo los diputados que presentaron la ley Edgardo Depetri (FPV), Presidente de la Comisi\u00f3n de Vivienda; Silvia Horne (Peronismo para la Victoria); y tambi\u00e9n Nicol\u00e1s Massot (PRO) junto al Secretario de Vivienda y H\u00e1bitat de la Naci\u00f3n Domingo Amaya y el Director Ejecutivo del Instituto de Vivienda de la Ciudad, Roberto Fernandez. Por las organizaciones estuvieron presentes los referentes N\u00e9stor Jeifetz, MOI CTA Aut\u00f3noma; Nicol\u00e1s Canonne, FPDS; Marina Thia, Federaci\u00f3n de Cooperativas Todos Juntos; Lito Borello, OSyP Los Pibes; Luciano \u00c1lvarez COVILPI; Rafael Klejzer, Sec de Vivienda y H\u00e1bitat Popular CTEP; y\u00a0Jaime Sor\u00edn, Decano Departamento de Arquitectura, Dise\u00f1o y Urbanismo UNDAV, adem\u00e1s de una delegaci\u00f3n de cooperativistas.<\/div>\n<div><\/div>\n<div><\/div>\n<\/div>\n<div><\/div>\n<div><img loading=\"lazy\" decoding=\"async\" class=\"aligncenter wp-image-2992 size-full\" src=\"http:\/\/fmriachuelo.com.ar\/ljkjklj\/wp-content\/uploads\/2016\/10\/REUNION.jpg\" alt=\"reunion\" width=\"1280\" height=\"247\" \/><\/div>\n<div id=\"yiv7034057674yui_3_16_0_ym19_1_1475149358719_50673\" style=\"text-align: justify\">\n<div><\/div>\n<div><\/div>\n<div><\/div>\n<div>Al finalizar la jornada, los referentes de las organizaciones se acercaron a la FM Riachuelo para compartir con la audiencia sus impresiones sobre la reuni\u00f3n de trabajo y las perspectivas de avance de este proyecto.<\/div>\n<\/div>\n<div id=\"yiv7034057674yui_3_16_0_ym19_1_1475149358719_50729\" style=\"text-align: justify\"><span id=\"yiv7034057674yui_3_16_0_ym19_1_1475149358719_50642\">\u00a0<\/span><\/div>\n<div id=\"yiv7034057674yui_3_16_0_ym19_1_1475149358719_50644\" style=\"text-align: justify\"><span id=\"yiv7034057674yui_3_16_0_ym19_1_1475149358719_50645\">Los Puntos m\u00e1s destacados que propone la ley impulsada por las organizaciones sociales:<\/span><\/div>\n<div id=\"yiv7034057674yui_3_16_0_ym19_1_1475149358719_50736\" style=\"text-align: justify\"><span id=\"yiv7034057674yui_3_16_0_ym19_1_1475149358719_50645\"><\/span><span id=\"yiv7034057674yui_3_16_0_ym19_1_1475149358719_50680\">*Traspaso de recursos del Estado en forma directa a las organizaciones para construir las viviendas y <span id=\"yiv7034057674yui_3_16_0_ym19_1_1475149358719_50647\">\u00a0<\/span>tambi\u00e9n la infraestructura barrial y el equipamiento comunitario. <br id=\"yiv7034057674yui_3_16_0_ym19_1_1475149358719_50648\" \/><\/span><span id=\"yiv7034057674yui_3_16_0_ym19_1_1475149358719_50646\">*Un presupuesto inicial para encarar la construcci\u00f3n de 20.000 viviendas en todo el pa\u00eds en forma cooperativa, a trav\u00e9s de la autogesti\u00f3n y la ayuda mutua.<\/span><\/div>\n","protected":false},"excerpt":{"rendered":"<p>[FMR 11\/10\/2016] En el marco del debate que se lleva adelante en la C\u00e1mara de Diputados de la Naci\u00f3n sobre el proyecto de \u201cLey Nacional de Producci\u00f3n Social Autogestionaria del H\u00e1bitat Popular\u201d, presentado por un numeroso conjunto de organizaciones de H\u00e1bitat el pasado lunes 3 de octubre en un acto callejero frente al Congreso de [&hellip;]<\/p>\n","protected":false},"author":4,"featured_media":2990,"comment_status":"open","ping_status":"open","sticky":false,"template":"","format":"standard","meta":{"_monsterinsights_skip_tracking":false,"_monsterinsights_sitenote_active":false,"_monsterinsights_sitenote_note":"","_monsterinsights_sitenote_category":0,"jnews-multi-image_gallery":[],"jnews_single_post":[],"jnews_primary_category":[],"_joinchat":[],"footnotes":""},"categories":[78,76,74],"tags":[],"class_list":["post-2989","post","type-post","status-publish","format-standard","has-post-thumbnail","hentry","category-economia-popular","category-salud-comunitaria","category-san-cayetano"],"_links":{"self":[{"href":"http:\/\/fmriachuelo.it10.com.ar\/index.php\/wp-json\/wp\/v2\/posts\/2989","targetHints":{"allow":["GET"]}}],"collection":[{"href":"http:\/\/fmriachuelo.it10.com.ar\/index.php\/wp-json\/wp\/v2\/posts"}],"about":[{"href":"http:\/\/fmriachuelo.it10.com.ar\/index.php\/wp-json\/wp\/v2\/types\/post"}],"author":[{"embeddable":true,"href":"http:\/\/fmriachuelo.it10.com.ar\/index.php\/wp-json\/wp\/v2\/users\/4"}],"replies":[{"embeddable":true,"href":"http:\/\/fmriachuelo.it10.com.ar\/index.php\/wp-json\/wp\/v2\/comments?post=2989"}],"version-history":[{"count":0,"href":"http:\/\/fmriachuelo.it10.com.ar\/index.php\/wp-json\/wp\/v2\/posts\/2989\/revisions"}],"wp:featuredmedia":[{"embeddable":true,"href":"http:\/\/fmriachuelo.it10.com.ar\/index.php\/wp-json\/"}],"wp:attachment":[{"href":"http:\/\/fmriachuelo.it10.com.ar\/index.php\/wp-json\/wp\/v2\/media?parent=2989"}],"wp:term":[{"taxonomy":"category","embeddable":true,"href":"http:\/\/fmriachuelo.it10.com.ar\/index.php\/wp-json\/wp\/v2\/categories?post=2989"},{"taxonomy":"post_tag","embeddable":true,"href":"http:\/\/fmriachuelo.it10.com.ar\/index.php\/wp-json\/wp\/v2\/tags?post=2989"}],"curies":[{"name":"wp","href":"https:\/\/api.w.org\/{rel}","templated":true}]}}