{"id":2973,"date":"2016-10-07T12:06:28","date_gmt":"2016-10-07T12:06:28","guid":{"rendered":"http:\/\/fmriachuelo.com.ar\/ljkjklj\/?p=2973"},"modified":"2016-10-07T12:06:28","modified_gmt":"2016-10-07T12:06:28","slug":"mocase-via-campesina-denuncian-e-impulsan-ley-de-propiedad-comunitaria","status":"publish","type":"post","link":"http:\/\/fmriachuelo.it10.com.ar\/index.php\/2016\/10\/07\/mocase-via-campesina-denuncian-e-impulsan-ley-de-propiedad-comunitaria\/","title":{"rendered":"MOCASE-VIA CAMPESINA: DENUNCIAN E IMPULSAN LEY DE PROPIEDAD COMUNITARIA"},"content":{"rendered":"<p style=\"text-align: justify\">[FMR 07\/10\/16] Ayer se realiz\u00f3 una conferencia de prensa en el Congreso de la Naci\u00f3n (Anexo) para denunciar la persecusi\u00f3n e intento de desalojo por parte del empresario Orlando Canido, de la empresa Manaos, que con grupos de patotas intent\u00f3 un desalojo, \u00a0ilegal, a los tiros poniendo en riesgo la vida de las familias que all\u00ed viven. Al mismo tiempo junto a legisladores nacionales impulsan una ley de propiedad comunitaria de la tierra y que se respete\u00a0la ley que suspende los desalojos rurales, que rige hasta el 2017.<\/p>\n<p style=\"text-align: justify\">[Mocase 06\/10\/16]\u00a0Diputados nacionales de tres bloques se comprometieron hoy a impulsar una ley de propiedad comunitaria de la tierra y la pr\u00f3rroga de la ley que suspende los desalojos rurales, que rige hasta el 2017, en una conferencia de prensa que ofrecieron junto al movimiento campesino santiague\u00f1o Mocase-VC.<br \/>\nIntegrantes de los bloques de Peronismo para la Victoria, FpV-PJ y PO-FIT se solidarizaron con la comunidad ind\u00edgena Iaku Cachi de Santiago del Estero, v\u00edctima de un ataque a tiros por el que responsabilizaron al empresario Orlando Canido, due\u00f1o de la gaseosa Manaos e investigado por estos y otros hechos de violencia en dos juzgados de esa provincia.<br \/>\n\u00abFrente a estos hechos no ha habido a\u00fan una respuesta contundente del Estado en ninguno de sus tres poderes, sea en el plano nacional o en el provincial\u00bb, sostuvo la diputada Silvia Horne al abrir la conferencia de prensa en el Anexo de la C\u00e1mara baja.<\/p>\n<p style=\"text-align: justify\">Junto a Horne, participaron por Peronismo para la Victoria Lucila de Ponti y Leo Grosso; N\u00e9stor Pitrola y Pablo L\u00f3pez, del PO-FIT; y Silvina Frana (FpV-PJ), quienes anunciaron que \u00abcuanto antes\u00bb miembros de las comisiones de Derechos Humanos y de Poblaci\u00f3n de la C\u00e1mara visitar\u00e1n en Santiago del Estero a las familias afectadas en la localidad de Bajo Hondo y reclamar\u00e1n respuestas de los poderes provinciales.<br \/>\nDesde el lunes \u00faltimo hasta hoy, la delegaci\u00f3n del Mocase-VC expuso su posici\u00f3n a diputados y senadores nacionales de diversos bloques.<br \/>\nEn la rueda de prensa, Grosso afirm\u00f3 que el caso de Bajo Hondo implica una \u00abmetodolog\u00eda de apropiaci\u00f3n de la tierra\u00bb ind\u00edgena y campesina por parte de empresarios, y a\u00f1adi\u00f3 que en las denuncias contra Canido se hace \u00aba\u00fan m\u00e1s dif\u00edcil lograr repercusi\u00f3n period\u00edstica porque Manaos pauta publicidad en todos los medios\u00bb.<br \/>\nPitrola sostuvo a su vez que \u00abla propiedad comunitaria y la peque\u00f1a propiedad campesina no entran en este capitalismo sojero\u00bb.<br \/>\nEn nombre del Mocase-VC hablaron integrantes de los pueblos ind\u00edgenas guaycur\u00fa -entre ellos, miembros de familias de la comunidad Iaku Cachi, atacada a tiros en un intento de desalojo violento el 24 de septiembre \u00faltimo- y lule vilela, del este y el norte santiague\u00f1o, respectivamente.<\/p>\n<p style=\"text-align: justify\">A continuaci\u00f3n podes leer:\u00a0<span style=\"color: #0000ff\"><strong><a style=\"color: #0000ff\" href=\"http:\/\/www.mocase.org.ar\/2016\/10\/impulsaran-una-ley-de-propiedad.html#more\">MAS INFORMACI\u00d3N<\/a><\/strong><\/span><\/p>\n<p style=\"text-align: justify\">\n","protected":false},"excerpt":{"rendered":"<p>[FMR 07\/10\/16] Ayer se realiz\u00f3 una conferencia de prensa en el Congreso de la Naci\u00f3n (Anexo) para denunciar la persecusi\u00f3n e intento de desalojo por parte del empresario Orlando Canido, de la empresa Manaos, que con grupos de patotas intent\u00f3 un desalojo, \u00a0ilegal, a los tiros poniendo en riesgo la vida de las familias que [&hellip;]<\/p>\n","protected":false},"author":4,"featured_media":2974,"comment_status":"open","ping_status":"open","sticky":false,"template":"","format":"standard","meta":{"_monsterinsights_skip_tracking":false,"_monsterinsights_sitenote_active":false,"_monsterinsights_sitenote_note":"","_monsterinsights_sitenote_category":0,"jnews-multi-image_gallery":[],"jnews_single_post":[],"jnews_primary_category":[],"_joinchat":[],"footnotes":""},"categories":[74],"tags":[],"class_list":["post-2973","post","type-post","status-publish","format-standard","has-post-thumbnail","hentry","category-san-cayetano"],"_links":{"self":[{"href":"http:\/\/fmriachuelo.it10.com.ar\/index.php\/wp-json\/wp\/v2\/posts\/2973","targetHints":{"allow":["GET"]}}],"collection":[{"href":"http:\/\/fmriachuelo.it10.com.ar\/index.php\/wp-json\/wp\/v2\/posts"}],"about":[{"href":"http:\/\/fmriachuelo.it10.com.ar\/index.php\/wp-json\/wp\/v2\/types\/post"}],"author":[{"embeddable":true,"href":"http:\/\/fmriachuelo.it10.com.ar\/index.php\/wp-json\/wp\/v2\/users\/4"}],"replies":[{"embeddable":true,"href":"http:\/\/fmriachuelo.it10.com.ar\/index.php\/wp-json\/wp\/v2\/comments?post=2973"}],"version-history":[{"count":0,"href":"http:\/\/fmriachuelo.it10.com.ar\/index.php\/wp-json\/wp\/v2\/posts\/2973\/revisions"}],"wp:featuredmedia":[{"embeddable":true,"href":"http:\/\/fmriachuelo.it10.com.ar\/index.php\/wp-json\/"}],"wp:attachment":[{"href":"http:\/\/fmriachuelo.it10.com.ar\/index.php\/wp-json\/wp\/v2\/media?parent=2973"}],"wp:term":[{"taxonomy":"category","embeddable":true,"href":"http:\/\/fmriachuelo.it10.com.ar\/index.php\/wp-json\/wp\/v2\/categories?post=2973"},{"taxonomy":"post_tag","embeddable":true,"href":"http:\/\/fmriachuelo.it10.com.ar\/index.php\/wp-json\/wp\/v2\/tags?post=2973"}],"curies":[{"name":"wp","href":"https:\/\/api.w.org\/{rel}","templated":true}]}}