{"id":2967,"date":"2016-10-07T03:17:39","date_gmt":"2016-10-07T03:17:39","guid":{"rendered":"http:\/\/fmriachuelo.com.ar\/ljkjklj\/?p=2967"},"modified":"2016-10-07T03:17:39","modified_gmt":"2016-10-07T03:17:39","slug":"paseo-de-la-economia-popular-martin-oso-cisneros-en-comodato-por-20-anos","status":"publish","type":"post","link":"http:\/\/fmriachuelo.it10.com.ar\/index.php\/2016\/10\/07\/paseo-de-la-economia-popular-martin-oso-cisneros-en-comodato-por-20-anos\/","title":{"rendered":"PASEO DE LA ECONOM\u00cdA POPULAR MART\u00cdN \u00abOSO\u00bb CISNEROS: EN COMODATO POR 20 A\u00d1OS"},"content":{"rendered":"<p style=\"text-align: justify\">[FMR 06\/10\/16] En horas del mediod\u00eda fue aprobado por unanimidad, \u00a0por los legisladores de la CABA, el Comodato por 20 a\u00f1os para el predio donde funciona el <strong>Paseo de la Econom\u00eda Popular Mart\u00edn \u00abOso\u00bb Cisneros<\/strong>. Con el trabajo del Dr. Facundo Taboada y la incansable lucha de los trabajadores de la econom\u00eda popular, se alcanz\u00f3 la legitimidad para el predio ubicado en Mtro. Brin y Pedro de Mendoza, del barrio de La Boca. Tal como lo expresaron los trabajadores de la Cooperativa de Vivienda Los Pibes, CO.VIL.PI. y del Paseo: \u00bb\u00a0porque la lucha fue y es quien siempre nos permite las conquistas y tambi\u00e9n la lucha es la \u00fanica fuerza capaz de lograr la defensa de lo conquistado\u00bb.<\/p>\n<p style=\"text-align: justify\">Entrevista a Luciano Alvarez referente del Paseo Mart\u00edn \u00abOso\u00bb Cisneros, realizada el viernes 07\/10\/16<\/p>\n<p style=\"text-align: justify\">20 a\u00f1os de Comodato!!! El Oso vive en la Lucha Popular!!!<\/p>\n","protected":false},"excerpt":{"rendered":"<p>[FMR 06\/10\/16] En horas del mediod\u00eda fue aprobado por unanimidad, \u00a0por los legisladores de la CABA, el Comodato por 20 a\u00f1os para el predio donde funciona el Paseo de la Econom\u00eda Popular Mart\u00edn \u00abOso\u00bb Cisneros. Con el trabajo del Dr. Facundo Taboada y la incansable lucha de los trabajadores de la econom\u00eda popular, se alcanz\u00f3 [&hellip;]<\/p>\n","protected":false},"author":4,"featured_media":2968,"comment_status":"open","ping_status":"open","sticky":false,"template":"","format":"standard","meta":{"_monsterinsights_skip_tracking":false,"_monsterinsights_sitenote_active":false,"_monsterinsights_sitenote_note":"","_monsterinsights_sitenote_category":0,"jnews-multi-image_gallery":[],"jnews_single_post":[],"jnews_primary_category":[],"_joinchat":[],"footnotes":""},"categories":[78,76,75],"tags":[],"class_list":["post-2967","post","type-post","status-publish","format-standard","has-post-thumbnail","hentry","category-economia-popular","category-salud-comunitaria","category-trabajo"],"_links":{"self":[{"href":"http:\/\/fmriachuelo.it10.com.ar\/index.php\/wp-json\/wp\/v2\/posts\/2967","targetHints":{"allow":["GET"]}}],"collection":[{"href":"http:\/\/fmriachuelo.it10.com.ar\/index.php\/wp-json\/wp\/v2\/posts"}],"about":[{"href":"http:\/\/fmriachuelo.it10.com.ar\/index.php\/wp-json\/wp\/v2\/types\/post"}],"author":[{"embeddable":true,"href":"http:\/\/fmriachuelo.it10.com.ar\/index.php\/wp-json\/wp\/v2\/users\/4"}],"replies":[{"embeddable":true,"href":"http:\/\/fmriachuelo.it10.com.ar\/index.php\/wp-json\/wp\/v2\/comments?post=2967"}],"version-history":[{"count":0,"href":"http:\/\/fmriachuelo.it10.com.ar\/index.php\/wp-json\/wp\/v2\/posts\/2967\/revisions"}],"wp:featuredmedia":[{"embeddable":true,"href":"http:\/\/fmriachuelo.it10.com.ar\/index.php\/wp-json\/"}],"wp:attachment":[{"href":"http:\/\/fmriachuelo.it10.com.ar\/index.php\/wp-json\/wp\/v2\/media?parent=2967"}],"wp:term":[{"taxonomy":"category","embeddable":true,"href":"http:\/\/fmriachuelo.it10.com.ar\/index.php\/wp-json\/wp\/v2\/categories?post=2967"},{"taxonomy":"post_tag","embeddable":true,"href":"http:\/\/fmriachuelo.it10.com.ar\/index.php\/wp-json\/wp\/v2\/tags?post=2967"}],"curies":[{"name":"wp","href":"https:\/\/api.w.org\/{rel}","templated":true}]}}