{"id":2964,"date":"2016-10-07T03:17:14","date_gmt":"2016-10-07T03:17:14","guid":{"rendered":"http:\/\/fmriachuelo.com.ar\/ljkjklj\/?p=2964"},"modified":"2016-10-07T03:17:14","modified_gmt":"2016-10-07T03:17:14","slug":"movilizacion-al-enacom-derecho-a-la-comunicacion-en-peligro","status":"publish","type":"post","link":"http:\/\/fmriachuelo.it10.com.ar\/index.php\/2016\/10\/07\/movilizacion-al-enacom-derecho-a-la-comunicacion-en-peligro\/","title":{"rendered":"MOVILIZACI\u00d3N AL ENACOM: DERECHO A LA COMUNICACI\u00d3N EN PELIGRO"},"content":{"rendered":"<p style=\"text-align: justify\">[FMR 06\/10\/16] Esta ma\u00f1ana los trabajadores de la comunicaci\u00f3n, \u00a0agremiados\u00a0en la Confederaci\u00f3n de Trabajadores de la Econom\u00eda Popular, CTEP, y en la federaci\u00f3n que los nuclea, se movilizaron frente al ENACOM, como medida de protesta por la\u00a0deuda que el organismo mantiene, a pesar de los reiterados compromisos, que son sistem\u00e1ticamente incumplidos.<\/p>\n<p style=\"text-align: justify\">Con una Radio Abierta, frente a las puertas del Ente Nacional de Comunicaci\u00f3n, se hicieron presentes las voces de la comunicaci\u00f3n popular para hacerse oir. La falta de cumplimiento del pago de los Fomecas, Fondos Concursables \u00a0ganados por los medios comunitarios, que son los recursos que les de alguna manera permiten su sostenimiento, amenaza\u00a0el leg\u00edtimo derecho a la comunicaci\u00f3n, y hace peligrar las 4.000 fuentes de trabajo genuino.<\/p>\n<p style=\"text-align: justify\">\n<p>&nbsp;<\/p>\n","protected":false},"excerpt":{"rendered":"<p>[FMR 06\/10\/16] Esta ma\u00f1ana los trabajadores de la comunicaci\u00f3n, \u00a0agremiados\u00a0en la Confederaci\u00f3n de Trabajadores de la Econom\u00eda Popular, CTEP, y en la federaci\u00f3n que los nuclea, se movilizaron frente al ENACOM, como medida de protesta por la\u00a0deuda que el organismo mantiene, a pesar de los reiterados compromisos, que son sistem\u00e1ticamente incumplidos. Con una Radio Abierta, [&hellip;]<\/p>\n","protected":false},"author":4,"featured_media":2965,"comment_status":"open","ping_status":"open","sticky":false,"template":"","format":"standard","meta":{"_monsterinsights_skip_tracking":false,"_monsterinsights_sitenote_active":false,"_monsterinsights_sitenote_note":"","_monsterinsights_sitenote_category":0,"jnews-multi-image_gallery":[],"jnews_single_post":[],"jnews_primary_category":[],"_joinchat":[],"footnotes":""},"categories":[78,76,75],"tags":[],"class_list":["post-2964","post","type-post","status-publish","format-standard","has-post-thumbnail","hentry","category-economia-popular","category-salud-comunitaria","category-trabajo"],"_links":{"self":[{"href":"http:\/\/fmriachuelo.it10.com.ar\/index.php\/wp-json\/wp\/v2\/posts\/2964","targetHints":{"allow":["GET"]}}],"collection":[{"href":"http:\/\/fmriachuelo.it10.com.ar\/index.php\/wp-json\/wp\/v2\/posts"}],"about":[{"href":"http:\/\/fmriachuelo.it10.com.ar\/index.php\/wp-json\/wp\/v2\/types\/post"}],"author":[{"embeddable":true,"href":"http:\/\/fmriachuelo.it10.com.ar\/index.php\/wp-json\/wp\/v2\/users\/4"}],"replies":[{"embeddable":true,"href":"http:\/\/fmriachuelo.it10.com.ar\/index.php\/wp-json\/wp\/v2\/comments?post=2964"}],"version-history":[{"count":0,"href":"http:\/\/fmriachuelo.it10.com.ar\/index.php\/wp-json\/wp\/v2\/posts\/2964\/revisions"}],"wp:featuredmedia":[{"embeddable":true,"href":"http:\/\/fmriachuelo.it10.com.ar\/index.php\/wp-json\/"}],"wp:attachment":[{"href":"http:\/\/fmriachuelo.it10.com.ar\/index.php\/wp-json\/wp\/v2\/media?parent=2964"}],"wp:term":[{"taxonomy":"category","embeddable":true,"href":"http:\/\/fmriachuelo.it10.com.ar\/index.php\/wp-json\/wp\/v2\/categories?post=2964"},{"taxonomy":"post_tag","embeddable":true,"href":"http:\/\/fmriachuelo.it10.com.ar\/index.php\/wp-json\/wp\/v2\/tags?post=2964"}],"curies":[{"name":"wp","href":"https:\/\/api.w.org\/{rel}","templated":true}]}}