{"id":296,"date":"2015-07-02T16:25:00","date_gmt":"2015-07-02T16:25:00","guid":{"rendered":"http:\/\/fmriachuelo.observatorioess.org.ar\/index.php\/2015\/07\/02\/salta-trabajadores-procesados-por-protestar-fueron-absueltos\/"},"modified":"2025-04-16T12:14:11","modified_gmt":"2025-04-16T15:14:11","slug":"salta-trabajadores-procesados-por-protestar-fueron-absueltos","status":"publish","type":"post","link":"http:\/\/fmriachuelo.it10.com.ar\/index.php\/2015\/07\/02\/salta-trabajadores-procesados-por-protestar-fueron-absueltos\/","title":{"rendered":"SALTA: TRABAJADORES PROCESADOS POR PROTESTAR FUERON ABSUELTOS"},"content":{"rendered":"<div style=\"text-align: left\"><span style=\"font-size: large\"><span style=\"font-family: Verdana,sans-serif\"><span style=\"color: red\"><b>UN ACTO DE JUSTICIA<\/b><span style=\"color: black\"> <\/span><span style=\"color: red\"><b>PARA LOS TRABAJADORES JUDICIALIZADOS<\/b><\/span><\/span><\/span><\/span><\/div>\n<div style=\"clear: both;text-align: left\"><a href=\"http:\/\/1.bp.blogspot.com\/--dsJ6rhYmxk\/VZVlVko33LI\/AAAAAAAAFEw\/yjUIIzJUWE0\/s1600\/pepino_fernandez.jpg\" style=\"clear: left;float: left;margin-bottom: 1em;margin-right: 1em\"><img loading=\"lazy\" decoding=\"async\" border=\"0\" height=\"149\" src=\"http:\/\/1.bp.blogspot.com\/--dsJ6rhYmxk\/VZVlVko33LI\/AAAAAAAAFEw\/yjUIIzJUWE0\/s200\/pepino_fernandez.jpg\" width=\"200\" \/><\/a><span style=\"font-size: small\"><span style=\"font-family: Verdana,sans-serif\"><\/span><\/span><\/div>\n<div style=\"text-align: left\"><span style=\"font-size: small\"><span style=\"font-family: Verdana,sans-serif\"><\/span><\/span><\/div>\n<div style=\"text-align: left\"><span style=\"font-size: small\"><span style=\"font-family: Verdana,sans-serif\">Este mi\u00e9rcoles 1\u00ba de julio, los  trabajadores integrantes de la Uni\u00f3n de Trabajadores Desocupados (UTD) de General Mosconi, entre los que se encuentra el referente del movimiento Pepino Fern\u00e1ndez, fueron absueltos. Estaban acusados por la empresa TECPETROL de Incendio , Instigaci\u00f3n a cometer delitos , amenazas con arma y hurto calificado por los hechos ocurridos el 20\/11\/2003. <span style=\"font-size: x-small\"><b>Contactos: Jos\u00e9 Pepino Fern\u00e1ndez-UTD Mosconi<span style=\"font-size: x-small\"> <\/span>03873-482282<\/b><\/span><\/span><\/span><br \/><span style=\"font-size: small\"><span style=\"font-family: Verdana,sans-serif\"><span style=\"font-size: x-small\"><b>Nuestra Abogada Mara Puntano: 0387<span style=\"font-size: x-small\">&#8211;<\/span>5944661.<\/b><\/span><\/span><\/span><br \/><span style=\"font-size: small\"><span style=\"font-family: Verdana,sans-serif\">Pod\u00e9s leer el comunicado completo de la historia de la judicializaci\u00f3na continuaci\u00f3n<\/span><\/span><\/div>\n<div style=\"text-align: left\"><span style=\"font-size: small\"><span style=\"font-family: Verdana,sans-serif\"><\/span><\/span><\/div>\n<p><a name='more'><\/a><\/p>\n<div style=\"text-align: left\"><span style=\"font-size: large\"><span style=\"font-family: Verdana,sans-serif\"><b><span style=\"color: red\">\u00a1BASTA DE TRABAJADORES JUDICIALIZADOS!<\/span><\/b><\/span><\/span><\/div>\n<p><a href=\"http:\/\/2.bp.blogspot.com\/-1-yNkag5sao\/VZLB5d-I_lI\/AAAAAAAAFCQ\/IBbFgaRg6tk\/s1600\/utd.jpg\" style=\"clear: left;margin-bottom: 1em;margin-right: 1em;text-align: center\"><img loading=\"lazy\" decoding=\"async\" border=\"0\" height=\"64\" src=\"http:\/\/2.bp.blogspot.com\/-1-yNkag5sao\/VZLB5d-I_lI\/AAAAAAAAFCQ\/IBbFgaRg6tk\/s200\/utd.jpg\" width=\"200\" \/><\/a><span style=\"font-size: small\"><span style=\"font-family: Verdana,sans-serif\"><span style=\"clear: left;font-family: Verdana, sans-serif;margin-bottom: 1em;margin-right: 1em;text-align: center\"><b>ESTE MI\u00c9RCOLES 1 DE JULIO TODOS CON LA UTD MOSCONI<\/b><\/span>&nbsp;<\/span><\/span><br \/><span style=\"font-size: small\"><span style=\"font-family: Verdana,sans-serif\">Difundimos y nos solidarizamos:<br \/>Desde la UTD Mosconi ( Uni\u00f3n de Trabajadores Desocupados) comunicamos a todas las organizaciones sociales compa\u00f1eras de lucha y los convocamos porque nuestros compa\u00f1eros son llevados a juicio en Tartagal este mi\u00e9rcoles 1 de julio de 2015 a las 8, 30 hs. Acusados por TECPETROL de Incendio , Instigaci\u00f3n a cometer delitos , amenazas con arma y hurto calificado por hechos ocurridos el 20\/11\/2003. La Tecpetro de Techint y los gobiernos nacional y provincial de Urtubey necesitan chivos expiatorios para ocultar el saqueo de nuestro petr\u00f3leo y la pobreza extrema de nuestra poblaci\u00f3n que lleva a la muerte por desnutrici\u00f3n a nuestros ni\u00f1os abor\u00edgenes de Salta.<\/span><\/span><\/p>\n<div style=\"text-align: left\"><span style=\"font-size: small\"><span style=\"font-family: Verdana,sans-serif\"><br \/><\/span><\/span><span style=\"font-size: small\"><span style=\"font-family: Verdana,sans-serif\">\u00bfQuienes son y a qui\u00e9n responden los que acusan a la UTD Mosconi?: La empresa que acusa a la Uni\u00f3n de Trabajadores Desocupados (UTD) de Salta:<\/span><\/span><\/div>\n<div style=\"text-align: left\"><span style=\"font-size: small\"><span style=\"font-family: Verdana,sans-serif\"> Tecpetrol pertenece al grupo \u00edtalo-argentino Techint y se dedica a la exploraci\u00f3n y producci\u00f3n de petr\u00f3leo crudo y gas. Fue fundada en 1981 y en estos d\u00edas est\u00e1 ubicada entre las siete m\u00e1s importantes firmas de ese sector. En la Argentina, Tecpetrol opera, con participaci\u00f3n completa o mayoritaria, en doce \u00e1reas distribuidas en las cuencas del golfo San Jorge (Chubut y Santa Cruz), Neuquina y Noroeste (Salta). Tiene, adem\u00e1s, negocios en la cuenca de Maracaibo, en el oeste de Venezuela, y la cuenca Oriental, en Ecuador, entre otros. <br \/> En 1992, Tecpetrol, luego de la privatizaci\u00f3n de YPF, gan\u00f3 la licitaci\u00f3n internacional y asociada con otras empresas conform\u00f3 la UTE (uni\u00f3n transitoria de empresas) Aguarag\u00fce. En 1993 se instal\u00f3 en una moderna estructura ubicada en el acceso Sur de General Mosconi. Desde all\u00ed, la compa\u00f1\u00eda llevaba adelante todo el control operativo de sus yacimientos. Acaba de mudar sus oficinas a Tartagal.<br \/> Grupo Techint Argentina tiene su sede en Carlos Mar\u00eda Della Paolera 299, Piso 17-C1001ADA BUENOS AIRES, ArgentinaTel.: (54-11) 4018-4100 -fax: (54-11) 4018-1000 , donde pedimos sean escrachados.-<br \/> Esperamos su solidaridad y que nos acompa\u00f1en desde los cuatro puntos cardinales del pa\u00eds y del extranjero . La cita es este mi\u00e9rcoles 1 de julio en la Ciudad Judicial de Tartagal y en cada una de las sedes de la Tecpetrol en el mundo.<br \/> No somos delincuentes .Luchamos por trabajo digno , reclamamos nuestros derechos . Los gobiernos provincial y nacional nos responden con represi\u00f3n policial y criminalizaci\u00f3n. <br \/><b> <span style=\"font-size: x-small\">Jos\u00e9 Pepino Fern\u00e1ndez-UTD Mosconi-03873 -482282<br \/> Nuestra Abogada Mara Puntano : 0387 5944661<\/span><\/b><\/span><\/span><\/div>\n<div style=\"text-align: left\"><span style=\"font-size: x-small\"><span style=\"font-family: Verdana,sans-serif\"><span style=\"color: #0b5394\"><b>UNI\u00d3N DE TRABAJADORES DESOCUPADOS\/PRODUCCI\u00d3N RIACHUELO<\/b><\/span><\/span><\/span><\/div>\n","protected":false},"excerpt":{"rendered":"<p>UN ACTO DE JUSTICIA PARA LOS TRABAJADORES JUDICIALIZADOS Este mi\u00e9rcoles 1\u00ba de julio, los trabajadores integrantes de la Uni\u00f3n de Trabajadores Desocupados (UTD) de General Mosconi, entre los que se encuentra el referente del movimiento Pepino Fern\u00e1ndez, fueron absueltos. Estaban acusados por la empresa TECPETROL de Incendio , Instigaci\u00f3n a cometer delitos , amenazas con [&hellip;]<\/p>\n","protected":false},"author":4,"featured_media":0,"comment_status":"open","ping_status":"open","sticky":false,"template":"","format":"standard","meta":{"_monsterinsights_skip_tracking":false,"_monsterinsights_sitenote_active":false,"_monsterinsights_sitenote_note":"","_monsterinsights_sitenote_category":0,"jnews-multi-image_gallery":[],"jnews_single_post":{"format":"standard"},"jnews_primary_category":[],"_joinchat":[],"footnotes":""},"categories":[58],"tags":[122],"class_list":["post-296","post","type-post","status-publish","format-standard","hentry","category-noticiariachuelo","tag-derecho-a-la-protesta-social"],"_links":{"self":[{"href":"http:\/\/fmriachuelo.it10.com.ar\/index.php\/wp-json\/wp\/v2\/posts\/296","targetHints":{"allow":["GET"]}}],"collection":[{"href":"http:\/\/fmriachuelo.it10.com.ar\/index.php\/wp-json\/wp\/v2\/posts"}],"about":[{"href":"http:\/\/fmriachuelo.it10.com.ar\/index.php\/wp-json\/wp\/v2\/types\/post"}],"author":[{"embeddable":true,"href":"http:\/\/fmriachuelo.it10.com.ar\/index.php\/wp-json\/wp\/v2\/users\/4"}],"replies":[{"embeddable":true,"href":"http:\/\/fmriachuelo.it10.com.ar\/index.php\/wp-json\/wp\/v2\/comments?post=296"}],"version-history":[{"count":1,"href":"http:\/\/fmriachuelo.it10.com.ar\/index.php\/wp-json\/wp\/v2\/posts\/296\/revisions"}],"predecessor-version":[{"id":23693,"href":"http:\/\/fmriachuelo.it10.com.ar\/index.php\/wp-json\/wp\/v2\/posts\/296\/revisions\/23693"}],"wp:attachment":[{"href":"http:\/\/fmriachuelo.it10.com.ar\/index.php\/wp-json\/wp\/v2\/media?parent=296"}],"wp:term":[{"taxonomy":"category","embeddable":true,"href":"http:\/\/fmriachuelo.it10.com.ar\/index.php\/wp-json\/wp\/v2\/categories?post=296"},{"taxonomy":"post_tag","embeddable":true,"href":"http:\/\/fmriachuelo.it10.com.ar\/index.php\/wp-json\/wp\/v2\/tags?post=296"}],"curies":[{"name":"wp","href":"https:\/\/api.w.org\/{rel}","templated":true}]}}