{"id":2954,"date":"2016-10-06T02:54:52","date_gmt":"2016-10-06T02:54:52","guid":{"rendered":"http:\/\/fmriachuelo.com.ar\/ljkjklj\/?p=2954"},"modified":"2016-10-06T02:54:52","modified_gmt":"2016-10-06T02:54:52","slug":"justicia-por-ivan-y-ezequiel-por-nuestros-pibes","status":"publish","type":"post","link":"http:\/\/fmriachuelo.it10.com.ar\/index.php\/2016\/10\/06\/justicia-por-ivan-y-ezequiel-por-nuestros-pibes\/","title":{"rendered":"JUSTICIA POR IVAN Y EZEQUIEL: POR NUESTROS PIBES"},"content":{"rendered":"<p style=\"text-align: justify\">[FMR 06\/10\/16] Esta tarde se realiz\u00f3 un acto de repudio con la consigna: \u00a0<strong>Todos Somos Ivan y Ezequiel, Nunca M\u00e1s<\/strong>. Con una masiva participaci\u00f3n se concentraron a las 16hs. en la esquina de Iguaz\u00fa y Osvaldo Cruz, Villa 21-24, para rechazar la\u00a0tortura y violencia que las fuerzas de inseguridad, Prefectura Nacional, ejercen con total impunidad contra los pibes de los barrios pobres de esta ciudad. A\u00fan no se han expresado p\u00fablicamente condenando\u00a0el hecho\u00a0desde el Ministerio de Seguridad, ni del Ministerio de Derechos Humanos. \u00a0En el\u00a0acto se expres\u00f3 masivamente la solidaridad; \u00a0se inici\u00f3 con una misa de los curas villeros y continu\u00f3 con las palabras de referentes populares y de los derechos humanos.<\/p>\n<p style=\"text-align: justify\">El acto se inici\u00f3 con una emotiva ceremonia oficiada por los curas villeros, que cotidianamente asisten a los habitantes del barrio. A continuaci\u00f3n tom\u00f3 la palabra uno de los j\u00f3venes agredidos, Ivan Navarro. Luego, \u00a0uno de los referentes de La Garganta Poderosa, Nacho Levy, conden\u00f3 enf\u00e1ticamente el hecho, tambi\u00e9n tomaron la palabra referentes del campo de los derechos humanos como: Vanesa Orietta, Horacio Verbitsky, entre los m\u00e1s sobresalientes.<\/p>\n<p style=\"text-align: justify\">Una convocatoria que excedi\u00f3 ampliamente las expectativas y que reuni\u00f3 a la diversidad de expresiones del sector popular, que se hicieron presentes para\u00a0condenar este\u00a0accionar que repetidamente afecta a nuestros pibes con total impunidad y sobre el que a\u00fan no se han expresado p\u00fablicamente las autoridades nacionales, que son responsables de la conducci\u00f3n de estas fuerzas que supuestamente deber\u00edan proteger a los habitantes.<\/p>\n<p style=\"text-align: justify\"><img loading=\"lazy\" decoding=\"async\" class=\"alignnone size-medium wp-image-2959\" src=\"http:\/\/fmriachuelo.com.ar\/ljkjklj\/wp-content\/uploads\/2016\/10\/GP-14-300x169.jpeg\" alt=\"gp-14\" width=\"300\" height=\"169\" \/>\u00a0<img loading=\"lazy\" decoding=\"async\" class=\"alignnone wp-image-2958 size-thumbnail\" src=\"http:\/\/fmriachuelo.com.ar\/ljkjklj\/wp-content\/uploads\/2016\/10\/GP-11-150x150.jpeg\" alt=\"gp-11\" width=\"150\" height=\"150\" \/><\/p>\n","protected":false},"excerpt":{"rendered":"<p>[FMR 06\/10\/16] Esta tarde se realiz\u00f3 un acto de repudio con la consigna: \u00a0Todos Somos Ivan y Ezequiel, Nunca M\u00e1s. Con una masiva participaci\u00f3n se concentraron a las 16hs. en la esquina de Iguaz\u00fa y Osvaldo Cruz, Villa 21-24, para rechazar la\u00a0tortura y violencia que las fuerzas de inseguridad, Prefectura Nacional, ejercen con total impunidad [&hellip;]<\/p>\n","protected":false},"author":4,"featured_media":2956,"comment_status":"open","ping_status":"open","sticky":false,"template":"","format":"standard","meta":{"_monsterinsights_skip_tracking":false,"_monsterinsights_sitenote_active":false,"_monsterinsights_sitenote_note":"","_monsterinsights_sitenote_category":0,"jnews-multi-image_gallery":[],"jnews_single_post":[],"jnews_primary_category":[],"_joinchat":[],"footnotes":""},"categories":[78],"tags":[],"class_list":["post-2954","post","type-post","status-publish","format-standard","has-post-thumbnail","hentry","category-economia-popular"],"_links":{"self":[{"href":"http:\/\/fmriachuelo.it10.com.ar\/index.php\/wp-json\/wp\/v2\/posts\/2954","targetHints":{"allow":["GET"]}}],"collection":[{"href":"http:\/\/fmriachuelo.it10.com.ar\/index.php\/wp-json\/wp\/v2\/posts"}],"about":[{"href":"http:\/\/fmriachuelo.it10.com.ar\/index.php\/wp-json\/wp\/v2\/types\/post"}],"author":[{"embeddable":true,"href":"http:\/\/fmriachuelo.it10.com.ar\/index.php\/wp-json\/wp\/v2\/users\/4"}],"replies":[{"embeddable":true,"href":"http:\/\/fmriachuelo.it10.com.ar\/index.php\/wp-json\/wp\/v2\/comments?post=2954"}],"version-history":[{"count":0,"href":"http:\/\/fmriachuelo.it10.com.ar\/index.php\/wp-json\/wp\/v2\/posts\/2954\/revisions"}],"wp:featuredmedia":[{"embeddable":true,"href":"http:\/\/fmriachuelo.it10.com.ar\/index.php\/wp-json\/"}],"wp:attachment":[{"href":"http:\/\/fmriachuelo.it10.com.ar\/index.php\/wp-json\/wp\/v2\/media?parent=2954"}],"wp:term":[{"taxonomy":"category","embeddable":true,"href":"http:\/\/fmriachuelo.it10.com.ar\/index.php\/wp-json\/wp\/v2\/categories?post=2954"},{"taxonomy":"post_tag","embeddable":true,"href":"http:\/\/fmriachuelo.it10.com.ar\/index.php\/wp-json\/wp\/v2\/tags?post=2954"}],"curies":[{"name":"wp","href":"https:\/\/api.w.org\/{rel}","templated":true}]}}