{"id":2951,"date":"2016-10-06T05:51:32","date_gmt":"2016-10-06T05:51:32","guid":{"rendered":"http:\/\/fmriachuelo.com.ar\/ljkjklj\/?p=2951"},"modified":"2016-10-06T05:51:32","modified_gmt":"2016-10-06T05:51:32","slug":"amenazan-a-referente-del-movimiento-popular-la-dignidad-ctep","status":"publish","type":"post","link":"http:\/\/fmriachuelo.it10.com.ar\/index.php\/2016\/10\/06\/amenazan-a-referente-del-movimiento-popular-la-dignidad-ctep\/","title":{"rendered":"AMENAZAN A REFERENTE DEL MOVIMIENTO POPULAR LA DIGNIDAD, CTEP"},"content":{"rendered":"<p style=\"text-align: justify\">[FMR 04\/10\/16] Un amenaza recae sobre un dirigente social, tal como viene sucediendo desde que asumi\u00f3 la actual gesti\u00f3n de gobierno. En esta oportunidad se trata del <span style=\"color: #000000\"><strong>Rafa Klejzer<\/strong><\/span>, referente del Movimiento Popular La Dignidad y Secretario de Habitat de la C.T.E.P. En entrevista con el dirigente expres\u00f3 que: \u00a0\u00ablas amenazas se producen en el contexto de la persecusi\u00f3n que vienen sufriendo los militantes m\u00e1s activos de la villa 31, las torturas y amenazas que sufrieron los j\u00f3venes de la villa 21-24, del censo que vienen realizando las organizaciones populares en la villa 21 que pone de manifiesto una pol\u00edtica de parches de la actual gesti\u00f3n. Estas pol\u00edticas de apriete demuestran la debilidad de la actual gesti\u00f3n\u00bb. El dirigente se\u00f1al\u00f3 que realiz\u00f3 la denuncia correspondiente, si bien expres\u00f3 tener poca confianza en este procedimiento.<\/p>\n<p>A continuaci\u00f3n pod\u00e9s escuchar la entrevista completa al <strong>Rafa Klejzer<\/strong> realizada en el programa <strong><span style=\"color: #ff0000\">Romp\u00e9 el Cerco Informativo<\/span> <\/strong>(L a V 18 hs.)<\/p>\n","protected":false},"excerpt":{"rendered":"<p>[FMR 04\/10\/16] Un amenaza recae sobre un dirigente social, tal como viene sucediendo desde que asumi\u00f3 la actual gesti\u00f3n de gobierno. En esta oportunidad se trata del Rafa Klejzer, referente del Movimiento Popular La Dignidad y Secretario de Habitat de la C.T.E.P. En entrevista con el dirigente expres\u00f3 que: \u00a0\u00ablas amenazas se producen en el [&hellip;]<\/p>\n","protected":false},"author":4,"featured_media":2952,"comment_status":"open","ping_status":"open","sticky":false,"template":"","format":"video","meta":{"_monsterinsights_skip_tracking":false,"_monsterinsights_sitenote_active":false,"_monsterinsights_sitenote_note":"","_monsterinsights_sitenote_category":0,"jnews-multi-image_gallery":[],"jnews_single_post":[],"jnews_primary_category":[],"_joinchat":[],"footnotes":""},"categories":[78,76],"tags":[],"class_list":["post-2951","post","type-post","status-publish","format-video","has-post-thumbnail","hentry","category-economia-popular","category-salud-comunitaria","post_format-post-format-video"],"_links":{"self":[{"href":"http:\/\/fmriachuelo.it10.com.ar\/index.php\/wp-json\/wp\/v2\/posts\/2951","targetHints":{"allow":["GET"]}}],"collection":[{"href":"http:\/\/fmriachuelo.it10.com.ar\/index.php\/wp-json\/wp\/v2\/posts"}],"about":[{"href":"http:\/\/fmriachuelo.it10.com.ar\/index.php\/wp-json\/wp\/v2\/types\/post"}],"author":[{"embeddable":true,"href":"http:\/\/fmriachuelo.it10.com.ar\/index.php\/wp-json\/wp\/v2\/users\/4"}],"replies":[{"embeddable":true,"href":"http:\/\/fmriachuelo.it10.com.ar\/index.php\/wp-json\/wp\/v2\/comments?post=2951"}],"version-history":[{"count":0,"href":"http:\/\/fmriachuelo.it10.com.ar\/index.php\/wp-json\/wp\/v2\/posts\/2951\/revisions"}],"wp:featuredmedia":[{"embeddable":true,"href":"http:\/\/fmriachuelo.it10.com.ar\/index.php\/wp-json\/"}],"wp:attachment":[{"href":"http:\/\/fmriachuelo.it10.com.ar\/index.php\/wp-json\/wp\/v2\/media?parent=2951"}],"wp:term":[{"taxonomy":"category","embeddable":true,"href":"http:\/\/fmriachuelo.it10.com.ar\/index.php\/wp-json\/wp\/v2\/categories?post=2951"},{"taxonomy":"post_tag","embeddable":true,"href":"http:\/\/fmriachuelo.it10.com.ar\/index.php\/wp-json\/wp\/v2\/tags?post=2951"}],"curies":[{"name":"wp","href":"https:\/\/api.w.org\/{rel}","templated":true}]}}