{"id":2948,"date":"2016-10-05T13:09:56","date_gmt":"2016-10-05T13:09:56","guid":{"rendered":"http:\/\/fmriachuelo.com.ar\/ljkjklj\/?p=2948"},"modified":"2016-10-05T13:09:56","modified_gmt":"2016-10-05T13:09:56","slug":"50-anos-del-vuelo-de-los-condores","status":"publish","type":"post","link":"http:\/\/fmriachuelo.it10.com.ar\/index.php\/2016\/10\/05\/50-anos-del-vuelo-de-los-condores\/","title":{"rendered":"50 A\u00d1OS DEL \u00abVUELO DE LOS CONDORES\u00bb"},"content":{"rendered":"<p style=\"text-align: justify\">[FMR 05\/10\/16]El martes 4 de octubre, en el auditorio del Sindicato de Farmacia (CABA),\u00a0un conjunto de organizaciones record\u00f3 EL 50\u00ba aniversario de la gesta del Operativo C\u00f3ndor, al tiempo que se reivindic\u00f3 la soberan\u00eda de las Islas Malvinas, que la actual gesti\u00f3n de Cambiemos parece haber decidido entregar.<\/p>\n<p>[Pol\u00edtica y Medios 05\/10\/16] Con el auditorio del Sindicato de Farmacia repleto, las organiaciones Peronismo 26 de Julio, Descamisados, Octubres, Mart\u00edn Fierrro y Movimiento de Unidad Popular recordaron el Operativo C\u00f3ndor y reivindicaron la soberan\u00eda de las Islas Malvinas.<\/p>\n<p>El acto cont\u00f3 con la presencia de Andr\u00e9s Castillo, protagonistas del Operativo C\u00f3ndor, quien junto a los dirigentes nacionales y provinciales de las agrupaciones repudiaron a toda voz la pol\u00edtica exterior de Mauricio Macri y de la canciller Susana Malcorra en relaci\u00f3n a la reafirmaci\u00f3n de la soberan\u00eda Argentina.<\/p>\n<p>Uno a uno los oradores recordaron la acci\u00f3n patri\u00f3tica de los militantes peronistas en aquel septiembre de 1966 y reclamaron al gobierno de Cambiemos que contin\u00fae con la lucha por la recuperaci\u00f3n de las Islas Malvinas tal y como ven\u00eda realizando la ex presidenta Crisitna Fern\u00e1ndez de Kirchner.<\/p>\n<p><strong>El Operativo C\u00f3ndor<\/strong><\/p>\n<p>El 28 de septiembre de 1966, Dardo Cabo, militante peronista, junto a otros 17 j\u00f3venes estudiantes, obreros y sindicalistas, desv\u00edan el avi\u00f3n un de Aerol\u00edneas Argentinas con 35 pasajeros a bordo, que hab\u00eda partido de Buenos Aires con destino a R\u00edo Gallegos, Santa Cruz.<\/p>\n<p>Aterrizan en nuestras Islas Malvinas, izan la bandera argentina y entonan el Himno Nacional Argentino, Aurora y la Marcha de San Lorenzo. Dardo Cabo ordena rebautizar Puerto Stanley con un nombre argentino: Puerto Rivero, en homenaje al Gaucho Antonio Rivero. Mar\u00eda Cristina Verrier fue la \u00fanica mujer del comando: La acci\u00f3n fue llamada Operativo C\u00f3ndor.<\/p>\n","protected":false},"excerpt":{"rendered":"<p>[FMR 05\/10\/16]El martes 4 de octubre, en el auditorio del Sindicato de Farmacia (CABA),\u00a0un conjunto de organizaciones record\u00f3 EL 50\u00ba aniversario de la gesta del Operativo C\u00f3ndor, al tiempo que se reivindic\u00f3 la soberan\u00eda de las Islas Malvinas, que la actual gesti\u00f3n de Cambiemos parece haber decidido entregar. [Pol\u00edtica y Medios 05\/10\/16] Con el auditorio [&hellip;]<\/p>\n","protected":false},"author":4,"featured_media":2949,"comment_status":"open","ping_status":"open","sticky":false,"template":"","format":"standard","meta":{"_monsterinsights_skip_tracking":false,"_monsterinsights_sitenote_active":false,"_monsterinsights_sitenote_note":"","_monsterinsights_sitenote_category":0,"jnews-multi-image_gallery":[],"jnews_single_post":[],"jnews_primary_category":[],"_joinchat":[],"footnotes":""},"categories":[78],"tags":[],"class_list":["post-2948","post","type-post","status-publish","format-standard","has-post-thumbnail","hentry","category-economia-popular"],"_links":{"self":[{"href":"http:\/\/fmriachuelo.it10.com.ar\/index.php\/wp-json\/wp\/v2\/posts\/2948","targetHints":{"allow":["GET"]}}],"collection":[{"href":"http:\/\/fmriachuelo.it10.com.ar\/index.php\/wp-json\/wp\/v2\/posts"}],"about":[{"href":"http:\/\/fmriachuelo.it10.com.ar\/index.php\/wp-json\/wp\/v2\/types\/post"}],"author":[{"embeddable":true,"href":"http:\/\/fmriachuelo.it10.com.ar\/index.php\/wp-json\/wp\/v2\/users\/4"}],"replies":[{"embeddable":true,"href":"http:\/\/fmriachuelo.it10.com.ar\/index.php\/wp-json\/wp\/v2\/comments?post=2948"}],"version-history":[{"count":0,"href":"http:\/\/fmriachuelo.it10.com.ar\/index.php\/wp-json\/wp\/v2\/posts\/2948\/revisions"}],"wp:featuredmedia":[{"embeddable":true,"href":"http:\/\/fmriachuelo.it10.com.ar\/index.php\/wp-json\/"}],"wp:attachment":[{"href":"http:\/\/fmriachuelo.it10.com.ar\/index.php\/wp-json\/wp\/v2\/media?parent=2948"}],"wp:term":[{"taxonomy":"category","embeddable":true,"href":"http:\/\/fmriachuelo.it10.com.ar\/index.php\/wp-json\/wp\/v2\/categories?post=2948"},{"taxonomy":"post_tag","embeddable":true,"href":"http:\/\/fmriachuelo.it10.com.ar\/index.php\/wp-json\/wp\/v2\/tags?post=2948"}],"curies":[{"name":"wp","href":"https:\/\/api.w.org\/{rel}","templated":true}]}}