{"id":2935,"date":"2016-10-04T14:05:02","date_gmt":"2016-10-04T14:05:02","guid":{"rendered":"http:\/\/fmriachuelo.com.ar\/ljkjklj\/?p=2935"},"modified":"2016-10-04T14:05:02","modified_gmt":"2016-10-04T14:05:02","slug":"3-de-octubre-dia-mundial-del-habitat-por-el-acceso-a-un-legitimo-derecho","status":"publish","type":"post","link":"http:\/\/fmriachuelo.it10.com.ar\/index.php\/2016\/10\/04\/3-de-octubre-dia-mundial-del-habitat-por-el-acceso-a-un-legitimo-derecho\/","title":{"rendered":"3 DE OCTUBRE DIA MUNDIAL DEL HABITAT: POR EL ACCESO A UN LEG\u00cdTIMO DERECHO"},"content":{"rendered":"<p style=\"text-align: justify\">[FMR 03\/10\/16] Ayer 3 de octubre se celebr\u00f3 el <strong>D\u00eda Mundial del Habitat<\/strong>. En el marco de este derecho universal se realizaron varias actividades como parte de una lucha por conquistar este leg\u00edtimo derecho. Las mismas se iniciaron en la ma\u00f1ana en la Legislatura provincial, en la Ciudad de La Plata. En horas de la tarde se realiz\u00f3 una marcha hasta el Congreso Nacional, donde frente a la numerosa presencia de organizaciones que vienen luchando por el acceso al habitat, se present\u00f3 el\u00a0proyecto de <strong>Ley Nacional de Producci\u00f3n Social Autogestionaria del Habitat Popular<\/strong>, que cont\u00f3 adem\u00e1s con la presencia de distintos sectores que acompa\u00f1an la lucha de las organizaciones y legisladores nacionales.<\/p>\n<p style=\"text-align: justify\"><img loading=\"lazy\" decoding=\"async\" class=\"size-medium wp-image-2936 alignleft\" src=\"http:\/\/fmriachuelo.com.ar\/ljkjklj\/wp-content\/uploads\/2016\/10\/WhatsApp-Image-2016-10-03-at-13.14.58-300x169.jpeg\" alt=\"DIA MUNDIAL DEL HABITAT\" width=\"300\" height=\"169\" \/><\/p>\n<p style=\"text-align: justify\">En la C\u00e1mara de Diputados de la Ciudad de La Plata, \u00a0representantes de la lucha y la gesti\u00f3n social por la vivienda y el habitat expusieron la necesidad de avanzar en conquistar la \u00abuna ley que permita acceder a los derechos, detr\u00e1s de la cual se hacen presentes las organizaciones para exigir su cumplimiento\u00bb, tal lo expresado por Luciano Alvarez de la CO.VIL.PI. (Cooperativa de Vivienda Los Pibes).<\/p>\n<p style=\"text-align: justify\">En horas de la tarde,\u00a0 \u00a0la Secretar\u00eda Latinoamericana de Vivienda y H\u00e1bitat Popular SeLViHP junto a numerosas organizaciones que diariamente luchan por el habitat, realizaron un acto de rechazo a la venta del Edificio de Sol\u00eds 693, \u00a0donde fueron desalojadas las familias de la Cooperativa Sol de Oro Ltda. Desde all\u00ed marcharon hasta la Plaza de Los Dos Congresos, donde las distintas organizaciones comprometidas en el acceso al habitat, para los sectores populares, el proyecto\u00a0\u00a0de Ley Nacional de Producci\u00f3n Social Autogestionaria del H\u00e1bitat Popular.<\/p>\n<p style=\"text-align: justify\"><img loading=\"lazy\" decoding=\"async\" class=\"aligncenter wp-image-2938 size-large\" src=\"http:\/\/fmriachuelo.com.ar\/ljkjklj\/wp-content\/uploads\/2016\/10\/WhatsApp-Image-2016-10-03-at-15.59.09-1024x577.jpeg\" alt=\"DIA MUNDIAL DEL HABITAT\" width=\"640\" height=\"361\" \/><\/p>\n<p style=\"text-align: justify\">Un proyecto impulsado por la unidad y el trabajo de las organizaciones sociales comprometidas con la situacion de la vivienda en la Ciudad de Buenos Aires. Este proyecto de Ley es clave en la\u00a0deuda que tiene el\u00a0Estado con el pueblo ya\u00a0que debe garantizar la vivienda como un derecho universal, no como un bien de mercado.\u00a0El Proyecto de Ley, entre sus aspectos m\u00e1s relevantes propone:\u00a0\u00a0la Creaci\u00f3n de un Banco Nacional de Tierras, un Fondo Nacional para la Producci\u00f3n Autogestionaria del H\u00e1bitat, una Escuela Nacional de Autogesti\u00f3n y un Instituto Nacional Aut\u00e1rquico para dise\u00f1ar y ejecutar estas pol\u00edticas con participaci\u00f3n codecisoria de las Organizaciones Sociales Autogestionarias. Adem\u00e1s Incluye la posibilidad de la propiedad colectiva o individual y define como destinatarias y protagonistas de los proyectos a las organizaciones sin fines de lucro (cooperativas, mutuales y asociaciones civiles), fomentando el cooperativismo, la democracia, la solidaridad y la ayuda mutua.<\/p>\n<p style=\"text-align: justify\"><img loading=\"lazy\" decoding=\"async\" class=\"wp-image-2941 size-medium alignleft\" src=\"http:\/\/fmriachuelo.com.ar\/ljkjklj\/wp-content\/uploads\/2016\/10\/WhatsApp-Image-2016-10-04-at-10.23.11-300x225.jpeg\" alt=\"whatsapp-image-2016-10-04-at-10-23-11\" width=\"300\" height=\"225\" \/><\/p>\n<p style=\"text-align: justify\">Con una numerosa presencia de organizaciones representativos de distintos sectores, junto a legisladores y p\u00fablico, se desarroll\u00f3 el acto de presentaci\u00f3n, donde distintos oradores tomaron la palabra<\/p>\n<p style=\"text-align: justify\">Esta lucha la llevan adelante las organizaciones populares como: \u00a0Organizacion Social y Politica Los Pibes, (O.S.y P.L.P.) el Frente Popular Dario Santillan, el Movimiento de Ocupantes e Inquilinos (M.O.I), Frente de Tierra y Vivienda (F.T.V.) junto a la Secretar\u00eda Latinoamericana de Vivienda y Hapitat Popular, (S.E.L.V.I.H.P.), Universidad Nacional de Avellaneda (U.N.D.A.V.), entre tantas otras. Tambi\u00e9n estuvo presente el legislador nacional \u00a0Edgardo Depetri, que impulsa el proyecto de las organizaciones, que expresaba la importancia\u00a0de este proyecto de ley en el Congreso Nacional.<\/p>\n","protected":false},"excerpt":{"rendered":"<p>[FMR 03\/10\/16] Ayer 3 de octubre se celebr\u00f3 el D\u00eda Mundial del Habitat. En el marco de este derecho universal se realizaron varias actividades como parte de una lucha por conquistar este leg\u00edtimo derecho. Las mismas se iniciaron en la ma\u00f1ana en la Legislatura provincial, en la Ciudad de La Plata. En horas de la [&hellip;]<\/p>\n","protected":false},"author":4,"featured_media":2937,"comment_status":"open","ping_status":"open","sticky":false,"template":"","format":"standard","meta":{"_monsterinsights_skip_tracking":false,"_monsterinsights_sitenote_active":false,"_monsterinsights_sitenote_note":"","_monsterinsights_sitenote_category":0,"jnews-multi-image_gallery":[],"jnews_single_post":[],"jnews_primary_category":[],"_joinchat":[],"footnotes":""},"categories":[78,76,74],"tags":[],"class_list":["post-2935","post","type-post","status-publish","format-standard","has-post-thumbnail","hentry","category-economia-popular","category-salud-comunitaria","category-san-cayetano"],"_links":{"self":[{"href":"http:\/\/fmriachuelo.it10.com.ar\/index.php\/wp-json\/wp\/v2\/posts\/2935","targetHints":{"allow":["GET"]}}],"collection":[{"href":"http:\/\/fmriachuelo.it10.com.ar\/index.php\/wp-json\/wp\/v2\/posts"}],"about":[{"href":"http:\/\/fmriachuelo.it10.com.ar\/index.php\/wp-json\/wp\/v2\/types\/post"}],"author":[{"embeddable":true,"href":"http:\/\/fmriachuelo.it10.com.ar\/index.php\/wp-json\/wp\/v2\/users\/4"}],"replies":[{"embeddable":true,"href":"http:\/\/fmriachuelo.it10.com.ar\/index.php\/wp-json\/wp\/v2\/comments?post=2935"}],"version-history":[{"count":0,"href":"http:\/\/fmriachuelo.it10.com.ar\/index.php\/wp-json\/wp\/v2\/posts\/2935\/revisions"}],"wp:featuredmedia":[{"embeddable":true,"href":"http:\/\/fmriachuelo.it10.com.ar\/index.php\/wp-json\/"}],"wp:attachment":[{"href":"http:\/\/fmriachuelo.it10.com.ar\/index.php\/wp-json\/wp\/v2\/media?parent=2935"}],"wp:term":[{"taxonomy":"category","embeddable":true,"href":"http:\/\/fmriachuelo.it10.com.ar\/index.php\/wp-json\/wp\/v2\/categories?post=2935"},{"taxonomy":"post_tag","embeddable":true,"href":"http:\/\/fmriachuelo.it10.com.ar\/index.php\/wp-json\/wp\/v2\/tags?post=2935"}],"curies":[{"name":"wp","href":"https:\/\/api.w.org\/{rel}","templated":true}]}}