{"id":2925,"date":"2016-10-03T03:35:00","date_gmt":"2016-10-03T03:35:00","guid":{"rendered":"http:\/\/fmriachuelo.com.ar\/ljkjklj\/?p=2925"},"modified":"2016-10-03T03:35:00","modified_gmt":"2016-10-03T03:35:00","slug":"3-de-octubre-dia-mundial-del-habitat-por-una-ley-nacional-de-produccion-social-del-habitat","status":"publish","type":"post","link":"http:\/\/fmriachuelo.it10.com.ar\/index.php\/2016\/10\/03\/3-de-octubre-dia-mundial-del-habitat-por-una-ley-nacional-de-produccion-social-del-habitat\/","title":{"rendered":"3 DE OCTUBRE: DIA MUNDIAL DEL HABITAT, POR UNA LEY NACIONAL DE PRODUCCI\u00d3N SOCIAL DEL HABITAT"},"content":{"rendered":"<p style=\"text-align: justify\">Por la producci\u00f3n de vivienda y h\u00e1bitat autogestionado por el pueblo.<\/p>\n<p>Este Lunes 3 de Octubre a las 15:00 hs, la Secretar\u00eda Latinoamericana de Vivienda y H\u00e1bitat Popular SelViHP junto a numerosas organizaciones que todos los d\u00edas Luchamos por el H\u00e1bitat Popular, estaremos realizando un acto de rechazo a la venta del Edificio de Sol\u00eds 693 donde fueron desalojadas las familias de la Cooperativa Sol de oro ltda. A las 15:30 hs Movilizamos hasta el Congreso Nacional para seguir reclamando para que se concrete el derecho a una Vivienda y un H\u00e1bitat Digno para todo nuestro pueblo y estaremos realizano una feria de difusi\u00f3n de experiencias Nacionales de h\u00e1bitat . 17:00 Acto por el D\u00eda Mundial del H\u00e1bitat. Lanzamiento de la propuesta de Ley Nacional de Producci\u00f3n Social Autogestionaria del H\u00e1bitat Popular.<br \/>\nEn una realidad en la que el d\u00e9ficit habitacional en la Argentina es un problema estructural y supera los 3 Millones de Hogares afectados, en un contexto donde las ciudades se vuelven un territorio de exclusi\u00f3n, el acceso a la vivienda popular una expresi\u00f3n de deseo y la especulaci\u00f3n inmobiliaria en sinton\u00eda con un poder pol\u00edtico connivente se reparte la tierras en un proyecto para pocos, seguimos apostando por la Producci\u00f3n Autogestionada de H\u00e1bitat del Pueblo y para el Pueblo.<br \/>\nEn el d\u00eda mundial del h\u00e1bitat, desde la SelViHP, estaremos presentando p\u00fablicamente y hacia el Congreso de la Naci\u00f3n un proyecto de Ley Nacional de Producci\u00f3n Social Autogestionaria del H\u00e1bitat Popular.<br \/>\nEl h\u00e1bitat y la vivienda, deben ser entendidos c\u00f3mo bienes de uso y de acceso universal, m\u00e1s que como un bien que solo se accede a trav\u00e9s del mercado. La propiedad debe cumplir un fin social y el inter\u00e9s colectivo debe primar sobre el particular.<br \/>\nLa Ley propone la Creaci\u00f3n de un Banco Nacional de Tierras, un Fondo Nacional para la producci\u00f3n autogestionaria de h\u00e1bitat, una Escuela Nacional de Autogesti\u00f3n y un Instituto nacional autarquico para dise\u00f1ar y ejecutar estas pol\u00edticas con participaci\u00f3n codecisoria de las Organizaciones Sociales Autogestionarias. Incluye la posibilidad de la propiedad colectiva o individual y define como destinatarias y protagonistas de los proyectos a las organizaciones sin fines de lucro (cooperativas, mutuales y asociaciones civiles), fomentando el cooperativismo, la democracia, la solidaridad y la ayuda mutua. Crea herramientas como Centrales Estatales de Suministro de Materiales y Maquinas Herramientas y alienta el reconcimiento y la creaci\u00f3n de capacidades de formaci\u00f3n universitaria, tecnica y secundaria en este campo.<br \/>\nDesde las Organizaciones que impulsamos este proyecto de Ley entendemos que es de suma importancia que el Pueblo Organizado disponga de esta herramienta, para que la construcci\u00f3n de viviendas y h\u00e1bitat por autogesti\u00f3n sea una pata m\u00e1s de la Econom\u00eda Popular.<\/p>\n<p><strong>Vivienda y H\u00e1bitat Digno y Popular!<\/strong><br \/>\n<strong>Ni Gente Sin Casa, Ni Casas sin Gente! <\/strong><br \/>\n<strong>Construyamos Autogestinadamente Ciudades y territorios Democr\u00e1ticos, Sin expulsores, Ni Expulsados! <\/strong><\/p>\n<p>CONTACTOS:<br \/>\nNestor Jeifetz 1130751968 &#8211; MOI<br \/>\nLuciano Alvarez 1163977583 &#8211; CTEP\/Los <a class=\"profileLink\" href=\"https:\/\/www.facebook.com\/Lospibeslaboca\/?hc_location=ufi\" target=\"_blank\" rel=\"noopener\">Los Pibes &#8211; Organizaci\u00f3n Social y Pol\u00edtica<\/a><br \/>\nJorge Mora 0261155327307 &#8211; FTV<br \/>\nNicol\u00e1s Canonne 1155692828 &#8211; FPDS<\/p>\n<p>Impulsan y adhieren:<br \/>\nSeLViHP, MOI CTAA, FTV-MiLES, CTEP, OSyP Los Pibes-CTEP, MTL CTAA, Frente Popular Dar\u00edo Santill\u00e1n, Federaci\u00f3n de Cooperativas Todos Juntos, Cooperativas y Organizaciones por la Ley 341, APDTED, FOTIVBA, Habitar Argentina, Coop. Vivienda Luj\u00e1n y J.C.Paz, Dir de Viv y Hab de H\u00farlingham, Departamento de Arquitectura, Dise\u00f1o y Urbanismo UNDAV, y muchos colectivos m\u00e1s&#8230;<\/p>\n","protected":false},"excerpt":{"rendered":"<p>Por la producci\u00f3n de vivienda y h\u00e1bitat autogestionado por el pueblo. Este Lunes 3 de Octubre a las 15:00 hs, la Secretar\u00eda Latinoamericana de Vivienda y H\u00e1bitat Popular SelViHP junto a numerosas organizaciones que todos los d\u00edas Luchamos por el H\u00e1bitat Popular, estaremos realizando un acto de rechazo a la venta del Edificio de Sol\u00eds [&hellip;]<\/p>\n","protected":false},"author":4,"featured_media":2839,"comment_status":"open","ping_status":"open","sticky":false,"template":"","format":"standard","meta":{"_monsterinsights_skip_tracking":false,"_monsterinsights_sitenote_active":false,"_monsterinsights_sitenote_note":"","_monsterinsights_sitenote_category":0,"jnews-multi-image_gallery":[],"jnews_single_post":[],"jnews_primary_category":[],"_joinchat":[],"footnotes":""},"categories":[76,74],"tags":[],"class_list":["post-2925","post","type-post","status-publish","format-standard","has-post-thumbnail","hentry","category-salud-comunitaria","category-san-cayetano"],"_links":{"self":[{"href":"http:\/\/fmriachuelo.it10.com.ar\/index.php\/wp-json\/wp\/v2\/posts\/2925","targetHints":{"allow":["GET"]}}],"collection":[{"href":"http:\/\/fmriachuelo.it10.com.ar\/index.php\/wp-json\/wp\/v2\/posts"}],"about":[{"href":"http:\/\/fmriachuelo.it10.com.ar\/index.php\/wp-json\/wp\/v2\/types\/post"}],"author":[{"embeddable":true,"href":"http:\/\/fmriachuelo.it10.com.ar\/index.php\/wp-json\/wp\/v2\/users\/4"}],"replies":[{"embeddable":true,"href":"http:\/\/fmriachuelo.it10.com.ar\/index.php\/wp-json\/wp\/v2\/comments?post=2925"}],"version-history":[{"count":0,"href":"http:\/\/fmriachuelo.it10.com.ar\/index.php\/wp-json\/wp\/v2\/posts\/2925\/revisions"}],"wp:featuredmedia":[{"embeddable":true,"href":"http:\/\/fmriachuelo.it10.com.ar\/index.php\/wp-json\/"}],"wp:attachment":[{"href":"http:\/\/fmriachuelo.it10.com.ar\/index.php\/wp-json\/wp\/v2\/media?parent=2925"}],"wp:term":[{"taxonomy":"category","embeddable":true,"href":"http:\/\/fmriachuelo.it10.com.ar\/index.php\/wp-json\/wp\/v2\/categories?post=2925"},{"taxonomy":"post_tag","embeddable":true,"href":"http:\/\/fmriachuelo.it10.com.ar\/index.php\/wp-json\/wp\/v2\/tags?post=2925"}],"curies":[{"name":"wp","href":"https:\/\/api.w.org\/{rel}","templated":true}]}}