{"id":2915,"date":"2016-10-01T20:37:45","date_gmt":"2016-10-01T20:37:45","guid":{"rendered":"http:\/\/fmriachuelo.com.ar\/ljkjklj\/?p=2915"},"modified":"2016-10-01T20:37:45","modified_gmt":"2016-10-01T20:37:45","slug":"caba-se-constituye-el-espacio-de-participacion-colectiva-el-hormiguero","status":"publish","type":"post","link":"http:\/\/fmriachuelo.it10.com.ar\/index.php\/2016\/10\/01\/caba-se-constituye-el-espacio-de-participacion-colectiva-el-hormiguero\/","title":{"rendered":"CABA: SE CONSTITUYE EL ESPACIO DE PARTICIPACI\u00d3N COLECTIVA EL HORMIGUERO"},"content":{"rendered":"<p style=\"text-align: justify\">[FMR 01\/10\/16] En la tarde de ayer se constituy\u00f3\u00a0la asamblea fundante del espacio <strong>\u00abEl Hormiguero\u00bb<\/strong>, \u00a0que reuni\u00f3 una amplia concurrencia a\u00a0la convocatoria realizada por las organizaciones: <em>Movimiento Emancipador, Movimiento Popular La Dignidad y la Organizacion Social y Pol\u00edtica Los Pibes<\/em>. Se inaugur\u00f3 un espacio de participaci\u00f3n, debate y construcci\u00f3n de un modo de leg\u00edtima representatividad, con participaci\u00f3n de los sectores populares, como <em>\u00ablas hormiguitas que se juntaron en el hormiguero\u00bb<\/em>. El encuentro finaliz\u00f3 con una agenda para un\u00a0proximo encuentro, a realizarse el proximo 14 de octubre, en el mismo horario.<\/p>\n<p style=\"text-align: justify\"><img loading=\"lazy\" decoding=\"async\" class=\"size-large wp-image-2920 aligncenter\" src=\"http:\/\/fmriachuelo.com.ar\/ljkjklj\/wp-content\/uploads\/2016\/10\/WhatsApp-Image-2016-09-30-at-19.08.17-1024x768.jpeg\" alt=\"whatsapp-image-2016-09-30-at-19-08-17\" width=\"640\" height=\"480\" \/><\/p>\n<p style=\"text-align: justify\">El sal\u00f3n de la calle Pichincha 674 qued\u00f3 desbordado por la numerosa presencia de personas que debieron permanecer en las inmediaciones, por la falta de espacio. Cientos de participantes se acercaron atra\u00eddos por la convocatoria a participar y hacer escuchar sus voces. \u00a0Con la intenci\u00f3n de construir un \u00a0modo de representaci\u00f3n\u00a0m\u00e1s genuino, \u00a0que\u00a0considere las necesidades y la realidad de los sectores populares. Fundar un modo de representatividad legitimada por la participaci\u00f3n popular.<\/p>\n<p style=\"text-align: justify\">Delegados de villas y asentamientos como: Villa 31 y 31 bis, Villa 3, Bo. Los Piletones, Villa 21.24, Villa 1-11-14, Bo. Fatima y barrios del conurbano bonaerense como Lomas de Zamora, Lan\u00fas, Rafael Castillo junto a vecinos, docentes, militantes de organizaciones populares, y vecinos, colaboradores que hicieron escuchar sus voces.<\/p>\n<p style=\"text-align: justify\"><img loading=\"lazy\" decoding=\"async\" class=\"size-large wp-image-2916 aligncenter\" src=\"http:\/\/fmriachuelo.com.ar\/ljkjklj\/wp-content\/uploads\/2016\/10\/WhatsApp-Image-2016-09-30-at-19.19.24-1024x576.jpeg\" alt=\"EL HORMIGUERO\" width=\"640\" height=\"360\" \/><\/p>\n<p style=\"text-align: justify\">Las organizaciones convocantes tuvieron a su cargo\u00a0la\u00a0apertura y cierre del encuentro, con las palabras de los referentes Rafael Klejzer, M.P. La Dignidad, Daniel Marcos, Mov. Emancipador y Lito Borello, O.S.y P. Los Pibes. Los tres coincidieron en destacar la necesidad de construir un espacio de confianza a partir de las palabras de participaci\u00f3n, que el actual modo de gestionar la pol\u00edtica ha defraudado, y legitimar un modo de mandato, con\u00a0un verdadero representante\u00a0\u00a0del\u00a0popular para alcanzar la representaci\u00f3n necesaria en las instancias institucionales.<\/p>\n<p style=\"text-align: justify\">Las voces de delegados barriales, emergidos de un modo democr\u00e1tico, junto a militantes populares, hicieron escuchar la necesidad de construir un modo de \u00abinteligencia colectiva\u00bb que permita cristalizar las demandas en un verdadero representante que haga escuchar la voz del pueblo.<\/p>\n<p style=\"text-align: justify\">Con una agenda para un pr\u00f3ximo encuentro a realizarse el 14 de octubre a las 18 hs. que permita darle continuidad al espacio colectivo: <strong>El Hormiguero<\/strong>, \u00a0donde se puedan hacer escuchar las voces que permitan fundar un modo de representatividad popular, fundada en las palabras dignas del pueblo.<\/p>\n<p style=\"text-align: justify\"><img loading=\"lazy\" decoding=\"async\" class=\"alignnone size-large wp-image-2917\" src=\"http:\/\/fmriachuelo.com.ar\/ljkjklj\/wp-content\/uploads\/2016\/10\/WhatsApp-Image-2016-09-30-at-19.08.25-1024x768.jpeg\" alt=\"whatsapp-image-2016-09-30-at-19-08-25\" width=\"640\" height=\"480\" \/><\/p>\n<p>&nbsp;<\/p>\n","protected":false},"excerpt":{"rendered":"<p>[FMR 01\/10\/16] En la tarde de ayer se constituy\u00f3\u00a0la asamblea fundante del espacio \u00abEl Hormiguero\u00bb, \u00a0que reuni\u00f3 una amplia concurrencia a\u00a0la convocatoria realizada por las organizaciones: Movimiento Emancipador, Movimiento Popular La Dignidad y la Organizacion Social y Pol\u00edtica Los Pibes. Se inaugur\u00f3 un espacio de participaci\u00f3n, debate y construcci\u00f3n de un modo de leg\u00edtima representatividad, [&hellip;]<\/p>\n","protected":false},"author":4,"featured_media":2918,"comment_status":"open","ping_status":"open","sticky":false,"template":"","format":"standard","meta":{"_monsterinsights_skip_tracking":false,"_monsterinsights_sitenote_active":false,"_monsterinsights_sitenote_note":"","_monsterinsights_sitenote_category":0,"jnews-multi-image_gallery":[],"jnews_single_post":[],"jnews_primary_category":[],"_joinchat":[],"footnotes":""},"categories":[78,76],"tags":[],"class_list":["post-2915","post","type-post","status-publish","format-standard","has-post-thumbnail","hentry","category-economia-popular","category-salud-comunitaria"],"_links":{"self":[{"href":"http:\/\/fmriachuelo.it10.com.ar\/index.php\/wp-json\/wp\/v2\/posts\/2915","targetHints":{"allow":["GET"]}}],"collection":[{"href":"http:\/\/fmriachuelo.it10.com.ar\/index.php\/wp-json\/wp\/v2\/posts"}],"about":[{"href":"http:\/\/fmriachuelo.it10.com.ar\/index.php\/wp-json\/wp\/v2\/types\/post"}],"author":[{"embeddable":true,"href":"http:\/\/fmriachuelo.it10.com.ar\/index.php\/wp-json\/wp\/v2\/users\/4"}],"replies":[{"embeddable":true,"href":"http:\/\/fmriachuelo.it10.com.ar\/index.php\/wp-json\/wp\/v2\/comments?post=2915"}],"version-history":[{"count":0,"href":"http:\/\/fmriachuelo.it10.com.ar\/index.php\/wp-json\/wp\/v2\/posts\/2915\/revisions"}],"wp:featuredmedia":[{"embeddable":true,"href":"http:\/\/fmriachuelo.it10.com.ar\/index.php\/wp-json\/"}],"wp:attachment":[{"href":"http:\/\/fmriachuelo.it10.com.ar\/index.php\/wp-json\/wp\/v2\/media?parent=2915"}],"wp:term":[{"taxonomy":"category","embeddable":true,"href":"http:\/\/fmriachuelo.it10.com.ar\/index.php\/wp-json\/wp\/v2\/categories?post=2915"},{"taxonomy":"post_tag","embeddable":true,"href":"http:\/\/fmriachuelo.it10.com.ar\/index.php\/wp-json\/wp\/v2\/tags?post=2915"}],"curies":[{"name":"wp","href":"https:\/\/api.w.org\/{rel}","templated":true}]}}