{"id":2911,"date":"2016-09-29T02:50:16","date_gmt":"2016-09-29T02:50:16","guid":{"rendered":"http:\/\/fmriachuelo.com.ar\/ljkjklj\/?p=2911"},"modified":"2016-09-29T02:50:16","modified_gmt":"2016-09-29T02:50:16","slug":"tribunales-portenos-audiencia-por-las-agresiones-en-la-comuna-4","status":"publish","type":"post","link":"http:\/\/fmriachuelo.it10.com.ar\/index.php\/2016\/09\/29\/tribunales-portenos-audiencia-por-las-agresiones-en-la-comuna-4\/","title":{"rendered":"TRIBUNALES PORTE\u00d1OS: AUDIENCIA POR LAS AGRESIONES EN LA COMUNA 4"},"content":{"rendered":"<p style=\"text-align: justify\">[FMR 28\/09\/16] Hoy se realiz\u00f3 la audiencia judicial donde finalmente la justicia decidi\u00f3 la no\u00a0\u00a0excarcelaci\u00f3n de Rodolfo Corzo (h) principal imputado en las agresiones contra militantes en el Consejo Consultivo de la Comuna 4, mientras la justicia tambi\u00e9n decidi\u00f3 avanzar con la nvestigaciones de las implicaciones pol\u00edticas y judiciales del caso. \u00a0Con gran presencia de organizaciones populares que se dieron cita frente a los Tribunales, para respaldar a los militantes agredidos, y presionar para que no se pudiera avanzar con la excarcelaci\u00f3n del principal implicado.<\/p>\n<p style=\"text-align: justify\">Esta ma\u00f1ana entrevistamos a la Dra. Mar\u00eda del Carmen Verd\u00fa, perteneciente a la CORREPI y abogada de Mat\u00edas Scinica (Boca es Pueblo) \u00a0y esto nos dijo:<\/p>\n<p style=\"text-align: justify\">Recordamos que la causa judicial tiene su origen en las violentas agresiones sobre la vida de dos militantes barriales: Matias Scinica, de Boca es Pueblo, y Fernando Abal Medina,\u00a0\u00a0en una reuni\u00f3n del Consejo Consultivo de la Comuna 4, \u00a0donde se produjo el grave atentado que milagrosamente no les cost\u00f3\u00a0su vida, mientras los agresores regresaron tranquilamente a sus hogares. \u00a0Las agresiones se produjeron cuando se discut\u00eda por el traspaso de los terrenos de Casa Amarilla a Boca Juniors, sin acuerdo de los habitantes del barrio, en lo que constituye una amenaza porque deja sin espacios verdes al barrio, mientras favorece\u00a0el gran negociado de la construcci\u00f3n de un estadio &#8211; shopping.<\/p>\n<p style=\"text-align: justify\">Tal como expresa la organizaci\u00f3n Boca es Pueblo: \u00abConsideramos que el acusado es <span class=\"text_exposed_show\">la punta del iceberg de negocios inmobiliarios que incluyen al Jefe Comunal Jorge Apreda, al Jefe de Gobierno Horacio Rodr\u00edguez Larreta y al presidente de Boca, Daniel Angelici. El macrismo defiende sus negocios a punta de cuchillo y sus funcionarios deben ser igualmente juzgados.<br \/>\n<\/span><\/p>\n","protected":false},"excerpt":{"rendered":"<p>[FMR 28\/09\/16] Hoy se realiz\u00f3 la audiencia judicial donde finalmente la justicia decidi\u00f3 la no\u00a0\u00a0excarcelaci\u00f3n de Rodolfo Corzo (h) principal imputado en las agresiones contra militantes en el Consejo Consultivo de la Comuna 4, mientras la justicia tambi\u00e9n decidi\u00f3 avanzar con la nvestigaciones de las implicaciones pol\u00edticas y judiciales del caso. \u00a0Con gran presencia de [&hellip;]<\/p>\n","protected":false},"author":4,"featured_media":2912,"comment_status":"open","ping_status":"open","sticky":false,"template":"","format":"standard","meta":{"_monsterinsights_skip_tracking":false,"_monsterinsights_sitenote_active":false,"_monsterinsights_sitenote_note":"","_monsterinsights_sitenote_category":0,"jnews-multi-image_gallery":[],"jnews_single_post":[],"jnews_primary_category":[],"_joinchat":[],"footnotes":""},"categories":[78,76],"tags":[],"class_list":["post-2911","post","type-post","status-publish","format-standard","has-post-thumbnail","hentry","category-economia-popular","category-salud-comunitaria"],"_links":{"self":[{"href":"http:\/\/fmriachuelo.it10.com.ar\/index.php\/wp-json\/wp\/v2\/posts\/2911","targetHints":{"allow":["GET"]}}],"collection":[{"href":"http:\/\/fmriachuelo.it10.com.ar\/index.php\/wp-json\/wp\/v2\/posts"}],"about":[{"href":"http:\/\/fmriachuelo.it10.com.ar\/index.php\/wp-json\/wp\/v2\/types\/post"}],"author":[{"embeddable":true,"href":"http:\/\/fmriachuelo.it10.com.ar\/index.php\/wp-json\/wp\/v2\/users\/4"}],"replies":[{"embeddable":true,"href":"http:\/\/fmriachuelo.it10.com.ar\/index.php\/wp-json\/wp\/v2\/comments?post=2911"}],"version-history":[{"count":0,"href":"http:\/\/fmriachuelo.it10.com.ar\/index.php\/wp-json\/wp\/v2\/posts\/2911\/revisions"}],"wp:featuredmedia":[{"embeddable":true,"href":"http:\/\/fmriachuelo.it10.com.ar\/index.php\/wp-json\/"}],"wp:attachment":[{"href":"http:\/\/fmriachuelo.it10.com.ar\/index.php\/wp-json\/wp\/v2\/media?parent=2911"}],"wp:term":[{"taxonomy":"category","embeddable":true,"href":"http:\/\/fmriachuelo.it10.com.ar\/index.php\/wp-json\/wp\/v2\/categories?post=2911"},{"taxonomy":"post_tag","embeddable":true,"href":"http:\/\/fmriachuelo.it10.com.ar\/index.php\/wp-json\/wp\/v2\/tags?post=2911"}],"curies":[{"name":"wp","href":"https:\/\/api.w.org\/{rel}","templated":true}]}}